{"id":7395,"date":"2025-03-25T17:45:00","date_gmt":"2025-03-25T15:45:00","guid":{"rendered":"https:\/\/yourparking.hu\/?p=7395"},"modified":"2025-08-05T22:58:50","modified_gmt":"2025-08-05T20:58:50","slug":"a-yourparking-okos-parkolasgatlo-technikai-erdekessegei","status":"publish","type":"post","link":"https:\/\/yourparking.hu\/en\/a-yourparking-okos-parkolasgatlo-technikai-erdekessegei\/","title":{"rendered":"A YourParking okos parkol\u00e1sg\u00e1tl\u00f3 technikai \u00e9rdekess\u00e9gei"},"content":{"rendered":"<div data-elementor-type=\"wp-post\" data-elementor-id=\"7395\" class=\"elementor elementor-7395\" data-elementor-post-type=\"post\">\n\t\t\t\t<div class=\"elementor-element elementor-element-6addfac e-flex e-con-boxed e-con e-parent\" data-id=\"6addfac\" data-element_type=\"container\">\n\t\t\t\t\t<div class=\"e-con-inner\">\n\t\t\t\t<div class=\"elementor-element elementor-element-365ac0b elementor-widget elementor-widget-text-editor\" data-id=\"365ac0b\" data-element_type=\"widget\" data-widget_type=\"text-editor.default\">\n\t\t\t\t<div class=\"elementor-widget-container\">\n\t\t\t\t\t\t\t\t\t<p>Ha m\u00e1r tal\u00e1lkozt\u00e1l hagyom\u00e1nyos parkol\u00e1sg\u00e1tl\u00f3kkal, akkor biztosan tudod, hogy ezek \u00e1ltal\u00e1ban nem t\u00fal rugalmasak, nem t\u00fal okosak, \u00e9s nem is k\u00fcl\u00f6n\u00f6sebben vonz\u00f3ak. Sokszor l\u00e1tszik rajtuk, hogy az \u00e1thajt\u00e1s elg\u00f6rb\u00edtette azokat. Persze egy term\u00e9k k\u00fclsej\u00e9t meg\u00edt\u00e9lni szubjekt\u00edv dolog, de az biztos, hogy a YourParking okos parkol\u00e1sg\u00e1tl\u00f3i massz\u00edv darabok r\u00e1n\u00e9z\u00e9sre is. A YourParking okos parkol\u00e1sg\u00e1tl\u00f3ja olyan modern technol\u00f3giai megold\u00e1sokat alkalmaz, amelyek nemcsak hat\u00e9konyabb\u00e1 teszik a parkol\u00e1st, de jelent\u0151sen k\u00e9nyelmesebb\u00e9 is.<\/p><h2>Massz\u00edv anyag, strapab\u00edr\u00f3 szerkezet<\/h2><p>A YourParking parkol\u00e1sg\u00e1tl\u00f3ja rozsdamentes ac\u00e9lb\u00f3l k\u00e9sz\u00fcl, galvaniz\u00e1lt \u00e9s szinterezett fel\u00fcletv\u00e9delemmel rendelkezik. Ez\u00e1ltal k\u00fcl\u00f6n\u00f6sen ellen\u00e1ll\u00f3 az id\u0151j\u00e1r\u00e1si viszonyokkal szemben, \u00e9s ak\u00e1r 3,5 tonn\u00e1s terhel\u00e9st is k\u00e9pes elviselni, m\u00edg az er\u0151s\u00edtett verzi\u00f3 ak\u00e1r 12 tonn\u00e1ig terhelhet\u0151. Ez azt jelenti, hogy az er\u0151s\u00edtett verzi\u00f3n gond n\u00e9lk\u00fcl \u00e1thajthat z\u00e1rt \u00e1llapotban egy kisebb teheraut\u00f3, a hagyom\u00e1nyoson pedig gyakorlatilag minden olyan j\u00e1rm\u0171, amelyre el\u00e9g a B-s jogos\u00edtv\u00e1ny. \u00a0Ez messze fel\u00fclm\u00falja a hagyom\u00e1nyos, mechanikus parkol\u00e1sg\u00e1tl\u00f3k teherb\u00edr\u00e1s\u00e1t.<\/p><p>Nyitott \u00e1llapotban a m\u00e9rete 510 mm \u00d7 490 mm \u00d7 450 mm, z\u00e1rt \u00e1llapotban pedig rendk\u00edv\u00fcl alacsony, mind\u00f6ssze 87 mm magas. Ennek k\u00f6sz\u00f6nhet\u0151en k\u00f6nnyen \u00e1thajthat\u00f3v\u00e1 v\u00e1lik, amikor sz\u00fcks\u00e9ges, m\u00e9gsem akad\u00e1lyozza a j\u00e1rm\u0171veket. -20 \u00b0C \u00e9s 60 \u00b0C h\u0151m\u00e9rs\u00e9klet k\u00f6z\u00f6tt gond n\u00e9lk\u00fcl m\u0171k\u00f6d\u0151k\u00e9pes.<\/p>\t\t\t\t\t\t\t\t<\/div>\n\t\t\t\t<\/div>\n\t\t\t\t<div class=\"elementor-element elementor-element-f199275 elementor-widget elementor-widget-image\" data-id=\"f199275\" data-element_type=\"widget\" data-widget_type=\"image.default\">\n\t\t\t\t<div class=\"elementor-widget-container\">\n\t\t\t\t\t\t\t\t\t\t\t\t\t\t\t<img fetchpriority=\"high\" decoding=\"async\" width=\"524\" height=\"733\" src=\"https:\/\/yourparking.hu\/wp-content\/uploads\/2025\/08\/YourParkin-technikai-adatai.webp\" class=\"attachment-large size-large wp-image-7398\" alt=\"YourParkin technikai adatai\" srcset=\"https:\/\/yourparking.hu\/wp-content\/uploads\/2025\/08\/YourParkin-technikai-adatai.webp 524w, https:\/\/yourparking.hu\/wp-content\/uploads\/2025\/08\/YourParkin-technikai-adatai-9x12.webp 9w\" sizes=\"(max-width: 524px) 100vw, 524px\" \/>\t\t\t\t\t\t\t\t\t\t\t\t\t\t\t<\/div>\n\t\t\t\t<\/div>\n\t\t\t\t<div class=\"elementor-element elementor-element-57feed1 elementor-widget elementor-widget-text-editor\" data-id=\"57feed1\" data-element_type=\"widget\" data-widget_type=\"text-editor.default\">\n\t\t\t\t<div class=\"elementor-widget-container\">\n\t\t\t\t\t\t\t\t\t<h2>Innovat\u00edv \u00e1ramell\u00e1t\u00e1si lehet\u0151s\u00e9gek<\/h2><p>A YourParking rendszer \u00e1ramell\u00e1t\u00e1s\u00e1ra h\u00e1rom opci\u00f3 is adott: bels\u0151 akkumul\u00e1tor, h\u00e1l\u00f3zati \u00e1ram, vagy napelemes energiaforr\u00e1s. A be\u00e9p\u00edtett akkumul\u00e1tor (12V, 9Ah) ak\u00e1r 750 nyit\u00e1s-z\u00e1r\u00e1si ciklust is k\u00e9pes biztos\u00edtani egyetlen felt\u00f6lt\u00e9ssel. Teh\u00e1t, ha a nap minden \u00f3r\u00e1j\u00e1ban cser\u00e9l\u0151dne az eszk\u00f6z felett parkol\u00f3 j\u00e1rm\u0171, akkor is egy h\u00f3napig b\u00edrn\u00e1 csere n\u00e9lk\u00fcl az akkumul\u00e1tor. Az eszk\u00f6z a hozz\u00e1 adott p\u00f3takkumul\u00e1torral z\u00f6kken\u0151mentesen, gyakorlatilag havonta n\u00e9h\u00e1ny perces megszak\u00edt\u00e1ssal folyamatosan \u00fczemeltethet\u0151. Napelemes kieg\u00e9sz\u00edt\u0151vel pedig ez az \u00fczemid\u0151 m\u00e9g tov\u00e1bb n\u00f6velhet\u0151, \u00edgy fenntarthat\u00f3 \u00e9s k\u00f6rnyezetbar\u00e1t megold\u00e1st is k\u00edn\u00e1l.<\/p><h2>Okos vez\u00e9rl\u00e9s \u00e9s k\u00f6nny\u0171 csatlakoztathat\u00f3s\u00e1g<\/h2><p>A YourParking parkol\u00e1sg\u00e1tl\u00f3ja Bluetooth LE (5.2) technol\u00f3gi\u00e1t alkalmaz, \u00edgy vezet\u00e9k n\u00e9lk\u00fcl csatlakoztathat\u00f3 okostelefonhoz. Az applik\u00e1ci\u00f3 seg\u00edts\u00e9g\u00e9vel kisz\u00e1ll\u00e1s n\u00e9lk\u00fcl is k\u00f6nnyen nyithat\u00f3-z\u00e1rhat\u00f3, \u00e9s egyszerre ak\u00e1r 10 t\u00e1vir\u00e1ny\u00edt\u00f3 is hozz\u00e1kapcsolhat\u00f3 a k\u00e9sz\u00fcl\u00e9khez, amely 433 MHz-es frekvenci\u00e1n m\u0171k\u00f6dik. A nyit\u00e1si \u00e9s a z\u00e1r\u00e1si ciklus is lezajlik maximum 5 m\u00e1sodperc alatt.<\/p><h2>Biztons\u00e1gos m\u0171k\u00f6d\u00e9s, intelligens szenzorok<\/h2><p>Az integr\u00e1lt fel\u00fctk\u00f6z\u00e9sg\u00e1tl\u00f3 szenzor v\u00e9di a j\u00e1rm\u0171veket \u00e9s a berendez\u00e9st is az esetleges s\u00e9r\u00fcl\u00e9sekt\u0151l. Opcion\u00e1lis k\u00f6zels\u00e9g\u00e9rz\u00e9kel\u0151 is be\u00e9p\u00edthet\u0151, amely \u00e9rz\u00e9keli a j\u00e1rm\u0171 jelenl\u00e9t\u00e9t, megel\u0151zve a v\u00e9letlenszer\u0171 \u00fctk\u00f6z\u00e9seket. Egyedi sz\u00ednez\u00e9s \u00e9s branding lehet\u0151s\u00e9g is el\u00e9rhet\u0151, hogy a parkol\u00e1sg\u00e1tl\u00f3 t\u00f6k\u00e9letesen illeszkedjen v\u00e1llalkoz\u00e1sod arculat\u00e1hoz. Tov\u00e1bb\u00e1 LED villog\u00f3val is felszerelhet\u0151, amely jelent\u0151sen jav\u00edtja a parkol\u00f3hely l\u00e1that\u00f3s\u00e1g\u00e1t \u00e9jszaka \u00e9s rossz l\u00e1t\u00e1si k\u00f6r\u00fclm\u00e9nyek k\u00f6z\u00f6tt is.<\/p><h2>K\u00f6nny\u0171 fenntart\u00e1s, hossz\u00fa \u00e9lettartam<\/h2><p>A parkol\u00e1sg\u00e1tl\u00f3k elektronikai r\u00e9szei speci\u00e1lis electro-potting m\u0171gyant\u00e1val vannak ell\u00e1tva, ami v\u00edz- \u00e9s porv\u00e9delmet biztos\u00edt. Rendszeres karbantart\u00e1ssal \u2013 k\u00fcl\u00f6n\u00f6sen a mozg\u00f3 r\u00e9szek, motor \u00e9s csap\u00e1gyaz\u00e1s ellen\u0151rz\u00e9s\u00e9vel \u2013 hossz\u00fa t\u00e1von zavartalan m\u0171k\u00f6d\u00e9st biztos\u00edthatsz rendeltet\u00e9sszer\u0171 haszn\u00e1lat eset\u00e9n. A YourParking okos parkol\u00e1sg\u00e1tl\u00f3 technikailag messze fel\u00fclm\u00falja a hagyom\u00e1nyos parkol\u00e1sg\u00e1tl\u00f3k k\u00e9pess\u00e9geit, mik\u00f6zben k\u00e9nyelmesebb, rugalmasabb, k\u00f6rnyezetbar\u00e1tabb, \u00e9s egyszer\u0171bben kezelhet\u0151 megold\u00e1st ny\u00fajt.<\/p>\t\t\t\t\t\t\t\t<\/div>\n\t\t\t\t<\/div>\n\t\t\t\t\t<\/div>\n\t\t\t\t<\/div>\n\t\t\t\t<\/div>","protected":false},"excerpt":{"rendered":"<p>Ha m\u00e1r tal\u00e1lkozt\u00e1l hagyom\u00e1nyos parkol\u00e1sg\u00e1tl\u00f3kkal, akkor biztosan tudod, hogy ezek \u00e1ltal\u00e1ban nem t\u00fal rugalmasak, nem t\u00fal okosak, \u00e9s nem is k\u00fcl\u00f6n\u00f6sebben vonz\u00f3ak. Sokszor l\u00e1tszik rajtuk, hogy az \u00e1thajt\u00e1s elg\u00f6rb\u00edtette azokat. Persze egy term\u00e9k k\u00fclsej\u00e9t meg\u00edt\u00e9lni szubjekt\u00edv dolog, de az biztos, hogy a YourParking okos parkol\u00e1sg\u00e1tl\u00f3i massz\u00edv darabok r\u00e1n\u00e9z\u00e9sre is. A YourParking okos parkol\u00e1sg\u00e1tl\u00f3ja olyan modern [&hellip;]<\/p>","protected":false},"author":7,"featured_media":7396,"comment_status":"closed","ping_status":"closed","sticky":false,"template":"","format":"standard","meta":{"_acf_changed":false,"footnotes":""},"categories":[45,35],"tags":[46,43],"class_list":["post-7395","post","type-post","status-publish","format-standard","has-post-thumbnail","hentry","category-okosparkolas","category-parkolas","tag-okosparkolas","tag-parkolasgatlo"],"acf":[],"_links":{"self":[{"href":"https:\/\/yourparking.hu\/en\/wp-json\/wp\/v2\/posts\/7395","targetHints":{"allow":["GET"]}}],"collection":[{"href":"https:\/\/yourparking.hu\/en\/wp-json\/wp\/v2\/posts"}],"about":[{"href":"https:\/\/yourparking.hu\/en\/wp-json\/wp\/v2\/types\/post"}],"author":[{"embeddable":true,"href":"https:\/\/yourparking.hu\/en\/wp-json\/wp\/v2\/users\/7"}],"replies":[{"embeddable":true,"href":"https:\/\/yourparking.hu\/en\/wp-json\/wp\/v2\/comments?post=7395"}],"version-history":[{"count":0,"href":"https:\/\/yourparking.hu\/en\/wp-json\/wp\/v2\/posts\/7395\/revisions"}],"wp:featuredmedia":[{"embeddable":true,"href":"https:\/\/yourparking.hu\/en\/wp-json\/wp\/v2\/media\/7396"}],"wp:attachment":[{"href":"https:\/\/yourparking.hu\/en\/wp-json\/wp\/v2\/media?parent=7395"}],"wp:term":[{"taxonomy":"category","embeddable":true,"href":"https:\/\/yourparking.hu\/en\/wp-json\/wp\/v2\/categories?post=7395"},{"taxonomy":"post_tag","embeddable":true,"href":"https:\/\/yourparking.hu\/en\/wp-json\/wp\/v2\/tags?post=7395"}],"curies":[{"name":"wp","href":"https:\/\/api.w.org\/{rel}","templated":true}]}}