{"id":7096,"date":"2025-06-30T23:42:47","date_gmt":"2025-06-30T21:42:47","guid":{"rendered":"https:\/\/yourparking.hu\/?p=7096"},"modified":"2025-08-05T23:02:48","modified_gmt":"2025-08-05T21:02:48","slug":"okosparkolas-az-okos-varosban","status":"publish","type":"post","link":"https:\/\/yourparking.hu\/en\/okosparkolas-az-okos-varosban\/","title":{"rendered":"Okosparkol\u00e1s az okos v\u00e1rosban"},"content":{"rendered":"<div data-elementor-type=\"wp-post\" data-elementor-id=\"7096\" class=\"elementor elementor-7096\" data-elementor-post-type=\"post\">\n\t\t\t\t<div class=\"elementor-element elementor-element-052926d e-flex e-con-boxed e-con e-parent\" data-id=\"052926d\" data-element_type=\"container\">\n\t\t\t\t\t<div class=\"e-con-inner\">\n\t\t\t\t<div class=\"elementor-element elementor-element-d2eb46e elementor-widget elementor-widget-text-editor\" data-id=\"d2eb46e\" data-element_type=\"widget\" data-widget_type=\"text-editor.default\">\n\t\t\t\t<div class=\"elementor-widget-container\">\n\t\t\t\t\t\t\t\t\t<p>Az okos v\u00e1ros (smart city) koncepci\u00f3ja a technol\u00f3gia \u00e9s az adatvez\u00e9relt d\u00f6nt\u00e9shozatal \u00f6sszefon\u00f3d\u00e1s\u00e1ra \u00e9p\u00fcl, ahol a c\u00e9l a v\u00e1rosi \u00e9letmin\u0151s\u00e9g, fenntarthat\u00f3s\u00e1g \u00e9s hat\u00e9konys\u00e1g jav\u00edt\u00e1sa. Europa\u2010szerte \u00edgy Magyarorsz\u00e1gon is egyre ink\u00e1bb a digit\u00e1lis \u00e9s fizikai infrastrukt\u00fara integr\u00e1l\u00e1s\u00e1val igyekeznek megoldani v\u00e1rosaink legs\u00fcrget\u0151bb probl\u00e9m\u00e1it, k\u00fcl\u00f6n\u00f6s tekintettel a mobilit\u00e1sra \u00e9s k\u00f6zleked\u00e9sre. Ez al\u00e1 megannyi alrendszer tartozik, mint a forgalomir\u00e1ny\u00edt\u00e1s, t\u00f6megk\u00f6zleked\u00e9s, elektromobilit\u00e1s, <a href=\"https:\/\/yourparking.hu\/en\/figyeljunk-egymasra-egyszer-az-autos-is-lesz-gyalogos\/\">mikromobilit\u00e1s<\/a>, <a href=\"https:\/\/yourparking.hu\/en\/carsharing-biztosan-szukseged-van-sajat-autora\/\">carsharing<\/a>, de tal\u00e1n a legaktu\u00e1lisabb kih\u00edv\u00e1s napjainkban a k\u00f6zter\u00fcleti parkol\u00e1s intelligens megk\u00f6zel\u00edt\u00e9se.<\/p><p>\u00a0<\/p><h2>A k\u00f6zleked\u00e9si rendszer okos\u00edt\u00e1sa<\/h2><p>Az okos v\u00e1rosok k\u00f6zleked\u00e9si rendszere egym\u00e1sra \u00e9p\u00fcl\u0151, egys\u00e9ges eg\u00e9szk\u00e9nt m\u0171k\u00f6d\u0151 elemekb\u0151l \u00e1ll, amelyek c\u00e9lja a hat\u00e9konys\u00e1g n\u00f6vel\u00e9se, a k\u00f6rnyezetterhel\u00e9s cs\u00f6kkent\u00e9se \u00e9s a v\u00e1rosi \u00e9letmin\u0151s\u00e9g jav\u00edt\u00e1sa. Az els\u0151 pill\u00e9r a forgalomfigyel\u00e9s \u00e9s dinamikus ir\u00e1ny\u00edt\u00e1s, amely sor\u00e1n szenzorok \u00e9s kamer\u00e1k val\u00f3s id\u0151ben elemzik a forgalmat. A begy\u0171jt\u00f6tt adatok alapj\u00e1n a rendszer k\u00e9pes optimaliz\u00e1lni a k\u00f6zleked\u00e9si l\u00e1mp\u00e1k v\u00e1lt\u00e1s\u00e1t, illetve sz\u00fcks\u00e9g eset\u00e9n alternat\u00edv \u00fatvonalakat javasol a k\u00f6zleked\u0151k sz\u00e1m\u00e1ra. Ez nem puszt\u00e1n egy elm\u00e9leti lehet\u0151s\u00e9g, hanem m\u00e1r m\u0171k\u00f6d\u0151 gyakorlat sz\u00e1mos eur\u00f3pai nagyv\u00e1rosban.<\/p><p>A m\u00e1sodik fontos ter\u00fclet a t\u00f6megk\u00f6zleked\u00e9s integr\u00e1ci\u00f3ja, amely a val\u00f3s idej\u0171 j\u00e1ratinform\u00e1ci\u00f3kon \u00e9s a multimod\u00e1lis navig\u00e1ci\u00f3n alapszik. Az utasok \u00edgy egyszer\u0171en tervezhetnek olyan kombin\u00e1lt \u00fatvonalakat is, amelyek ker\u00e9kp\u00e1r \u00e9s villamos, vagy roller \u00e9s busz k\u00f6z\u00f6tti \u00e1tsz\u00e1ll\u00e1sokat tartalmaznak, megk\u00f6nny\u00edtve az okos, fenntarthat\u00f3 k\u00f6zleked\u00e9si d\u00f6nt\u00e9seket.<\/p><p>Harmadik kulcselem az elektromos j\u00e1rm\u0171vek \u00e9s a mikromobilit\u00e1s t\u00e1mogat\u00e1sa. Ennek r\u00e9sze a v\u00e1rosszerte ki\u00e9p\u00edtett t\u00f6lt\u0151pont-h\u00e1l\u00f3zat, az e-roller \u00e9s e-bike rendszerek intelligens eloszt\u00e1sa, valamint a parkol\u00e1s-alap\u00fa szab\u00e1lyoz\u00e1s, amely seg\u00edti az elektromos k\u00f6zleked\u00e9si eszk\u00f6z\u00f6k terjed\u00e9s\u00e9t \u00e9s hat\u00e9kony haszn\u00e1lat\u00e1t.<\/p><p>A smart parkol\u00e1s is szerves r\u00e9sze az okos v\u00e1rosi k\u00f6zleked\u00e9snek. A parkol\u00f3helyekre telep\u00edtett okos parkol\u00e1sg\u00e1tl\u00f3k, a digit\u00e1lis fizet\u00e9si lehet\u0151s\u00e9gek \u00e9s a mobilalkalmaz\u00e1sok r\u00e9v\u00e9n jelent\u0151sen cs\u00f6kken a parkol\u00f3hely-keres\u00e9ssel t\u00f6lt\u00f6tt id\u0151, ami nemcsak a k\u00f6zleked\u00e9si torl\u00f3d\u00e1sokat enyh\u00edti, hanem a k\u00f6rnyezeti terhel\u00e9st is cs\u00f6kkenti. Az ilyen rendszerek hat\u00e9konyabb parkol\u00f3hely-eloszt\u00e1st \u00e9s k\u00e9nyelmesebb felhaszn\u00e1l\u00f3i \u00e9lm\u00e9nyt biztos\u00edtanak, mik\u00f6zben hozz\u00e1j\u00e1rulnak a fenntarthat\u00f3 v\u00e1rosi k\u00f6zleked\u00e9s kialak\u00edt\u00e1s\u00e1hoz.<\/p><p><strong>\u00a0<\/strong><\/p><p><strong>\u00a0<\/strong><\/p><h2>Parkol\u00e1si probl\u00e9m\u00e1k okos n\u00e9z\u0151pontb\u00f3l<\/h2><p>A v\u00e1rosi parkol\u00e1s egyik legnagyobb kih\u00edv\u00e1sa az inform\u00e1ci\u00f3hi\u00e1ny. A sof\u0151r\u00f6k sok <a href=\"https:\/\/yourparking.hu\/en\/mennyi-idot-es-energiat-forditunk-parkolasra-atlagosan-hogyan-csokkenthetjuk-ezt\/\">id\u0151t t\u00f6ltenek \u00fcres helyek keres\u00e9s\u00e9vel<\/a>, ami nemcsak p\u00e9nzben m\u00e9rhet\u0151, de k\u00f6rnyezetszennyez\u00e9st is eredm\u00e9nyez (k\u00e1rosanyag-kibocs\u00e1t\u00e1s, zs\u00fafolts\u00e1g, zajszennyez\u00e9s). Az okos parkol\u00e1si rendszerek \u2013 szenzoros, mobil alap\u00fa \u2013 lehet\u0151v\u00e9 teszik a szabad helyek azonnali felismer\u00e9s\u00e9t \u00e9s foglal\u00e1s\u00e1t, megk\u00f6nny\u00edtve ezzel a k\u00f6zleked\u00e9st eg\u00e9sz\u00e9ben.<\/p><h2>YourParking okos parkol\u00e1sg\u00e1tl\u00f3k<\/h2><p>Az okos v\u00e1ros siker\u00e9nek kulcsa az, hogy ne csak a technol\u00f3gi\u00e1t vegy\u00fck \u00e1t \u2013 hanem az emberi szok\u00e1sokat \u00e9s rendszereket is. A <a href=\"https:\/\/yourparking.hu\/en\/product\/yourparking-smart-parkolasgatlo\/\" target=\"_blank\" rel=\"noopener\">YourParking parkol\u00e1sg\u00e1tl\u00f3i<\/a> kit\u0171n\u0151 eszk\u00f6zt adnak a v\u00e1rosok kez\u00e9be, hogy cs\u00f6kkents\u00e9k a forgalmi torl\u00f3d\u00e1st, jav\u00edts\u00e1k a leveg\u0151min\u0151s\u00e9get, \u00e9s egyszer\u0171s\u00edts\u00e9k a k\u00f6zleked\u00e9st. Amikor a sof\u0151r\u00f6k mobilon l\u00e1tj\u00e1k a szabad helyet, mobilon online fizetnek \u00e9s befejezve a parkol\u00e1st azonnal jelzik az adatb\u00e1zisban a szabad parkol\u00f3helyet, onnant\u00f3l m\u00e1r egy fenntarthat\u00f3, adatvez\u00e9relt v\u00e1rosi \u00f6kosziszt\u00e9ma r\u00e9szei lesznek.<\/p>\t\t\t\t\t\t\t\t<\/div>\n\t\t\t\t<\/div>\n\t\t\t\t<div class=\"elementor-element elementor-element-7feff5f elementor-widget elementor-widget-button\" data-id=\"7feff5f\" data-element_type=\"widget\" data-widget_type=\"button.default\">\n\t\t\t\t<div class=\"elementor-widget-container\">\n\t\t\t\t\t\t\t\t\t<div class=\"elementor-button-wrapper\">\n\t\t\t\t\t<a class=\"elementor-button elementor-button-link elementor-size-sm\" href=\"https:\/\/yourparking.hu\/en\/uzlet\/yourparking-smart-parkolasgatlo\/\" target=\"_blank\">\n\t\t\t\t\t\t<span class=\"elementor-button-content-wrapper\">\n\t\t\t\t\t\t\t\t\t<span class=\"elementor-button-text\">\u00c9rdekel az okosparkol\u00e1s<\/span>\n\t\t\t\t\t<\/span>\n\t\t\t\t\t<\/a>\n\t\t\t\t<\/div>\n\t\t\t\t\t\t\t\t<\/div>\n\t\t\t\t<\/div>\n\t\t\t\t\t<\/div>\n\t\t\t\t<\/div>\n\t\t\t\t<\/div>","protected":false},"excerpt":{"rendered":"<p>Az okos v\u00e1ros (smart city) koncepci\u00f3ja a technol\u00f3gia \u00e9s az adatvez\u00e9relt d\u00f6nt\u00e9shozatal \u00f6sszefon\u00f3d\u00e1s\u00e1ra \u00e9p\u00fcl, ahol a c\u00e9l a v\u00e1rosi \u00e9letmin\u0151s\u00e9g, fenntarthat\u00f3s\u00e1g \u00e9s hat\u00e9konys\u00e1g jav\u00edt\u00e1sa. Europa\u2010szerte \u00edgy Magyarorsz\u00e1gon is egyre ink\u00e1bb a digit\u00e1lis \u00e9s fizikai infrastrukt\u00fara integr\u00e1l\u00e1s\u00e1val igyekeznek megoldani v\u00e1rosaink legs\u00fcrget\u0151bb probl\u00e9m\u00e1it, k\u00fcl\u00f6n\u00f6s tekintettel a mobilit\u00e1sra \u00e9s k\u00f6zleked\u00e9sre. Ez al\u00e1 megannyi alrendszer tartozik, mint a forgalomir\u00e1ny\u00edt\u00e1s, [&hellip;]<\/p>","protected":false},"author":7,"featured_media":7111,"comment_status":"closed","ping_status":"closed","sticky":false,"template":"","format":"standard","meta":{"_acf_changed":false,"footnotes":""},"categories":[45,154],"tags":[155,37],"class_list":["post-7096","post","type-post","status-publish","format-standard","has-post-thumbnail","hentry","category-okosparkolas","category-okos-varos","tag-okos-varos","tag-varosi-parkolas"],"acf":[],"_links":{"self":[{"href":"https:\/\/yourparking.hu\/en\/wp-json\/wp\/v2\/posts\/7096","targetHints":{"allow":["GET"]}}],"collection":[{"href":"https:\/\/yourparking.hu\/en\/wp-json\/wp\/v2\/posts"}],"about":[{"href":"https:\/\/yourparking.hu\/en\/wp-json\/wp\/v2\/types\/post"}],"author":[{"embeddable":true,"href":"https:\/\/yourparking.hu\/en\/wp-json\/wp\/v2\/users\/7"}],"replies":[{"embeddable":true,"href":"https:\/\/yourparking.hu\/en\/wp-json\/wp\/v2\/comments?post=7096"}],"version-history":[{"count":0,"href":"https:\/\/yourparking.hu\/en\/wp-json\/wp\/v2\/posts\/7096\/revisions"}],"wp:featuredmedia":[{"embeddable":true,"href":"https:\/\/yourparking.hu\/en\/wp-json\/wp\/v2\/media\/7111"}],"wp:attachment":[{"href":"https:\/\/yourparking.hu\/en\/wp-json\/wp\/v2\/media?parent=7096"}],"wp:term":[{"taxonomy":"category","embeddable":true,"href":"https:\/\/yourparking.hu\/en\/wp-json\/wp\/v2\/categories?post=7096"},{"taxonomy":"post_tag","embeddable":true,"href":"https:\/\/yourparking.hu\/en\/wp-json\/wp\/v2\/tags?post=7096"}],"curies":[{"name":"wp","href":"https:\/\/api.w.org\/{rel}","templated":true}]}}