{"id":6852,"date":"2025-03-17T00:51:38","date_gmt":"2025-03-16T22:51:38","guid":{"rendered":"https:\/\/yourparking.hu\/?p=6852"},"modified":"2025-07-07T17:12:36","modified_gmt":"2025-07-07T15:12:36","slug":"jelentosen-csokkent-az-eves-parkolasi-engedelyek-szama-budapest-ii-keruleteben","status":"publish","type":"post","link":"https:\/\/yourparking.hu\/en\/jelentosen-csokkent-az-eves-parkolasi-engedelyek-szama-budapest-ii-keruleteben\/","title":{"rendered":"Jelent\u0151sen cs\u00f6kkent az \u00e9ves parkol\u00e1si enged\u00e9lyek sz\u00e1ma Budapest II. ker\u00fclet\u00e9ben"},"content":{"rendered":"<div data-elementor-type=\"wp-post\" data-elementor-id=\"6852\" class=\"elementor elementor-6852\" data-elementor-post-type=\"post\">\n\t\t\t\t<div class=\"elementor-element elementor-element-a650d76 e-flex e-con-boxed e-con e-parent\" data-id=\"a650d76\" data-element_type=\"container\">\n\t\t\t\t\t<div class=\"e-con-inner\">\n\t\t\t\t<div class=\"elementor-element elementor-element-1dfe7f7 elementor-widget elementor-widget-text-editor\" data-id=\"1dfe7f7\" data-element_type=\"widget\" data-widget_type=\"text-editor.default\">\n\t\t\t\t<div class=\"elementor-widget-container\">\n\t\t\t\t\t\t\t\t\t<h1>Hogyan cs\u00f6kkentek az \u00e9ves parkol\u00e1si enged\u00e9lyek a II. ker\u00fcletben?<\/h1><p>Kor\u00e1bbi cikk\u00fcnkben r\u00e9szletesen bemutattuk, hogy Budapest k\u00fcl\u00f6nb\u00f6z\u0151 ker\u00fcleteiben hogyan <a href=\"https:\/\/yourparking.hu\/en\/mit-kell-tudnod-a-budapesti-eves-lakossagi-parkolasi-engedelyekrol\/\" target=\"_blank\" rel=\"noopener\">v\u00e1ltoztak az \u00e9ves lakoss\u00e1gi parkol\u00e1si enged\u00e9lyek d\u00edjai<\/a>. A parkol\u00e1si k\u00f6lts\u00e9gek n\u00f6veked\u00e9se mellett egyre nagyobb figyelmet kapnak azok a megold\u00e1sok, amelyek seg\u00edtenek cs\u00f6kkenteni a k\u00f6zter\u00fcleteken parkol\u00f3 aut\u00f3k sz\u00e1m\u00e1t \u00e9s enyh\u00edteni a t\u00falzs\u00fafolt v\u00e1rosr\u00e9szek parkol\u00e1si probl\u00e9m\u00e1it.<\/p><p>Egy pozit\u00edv p\u00e9ld\u00e1t hozott a II. ker\u00fclet, amelyben a lakoss\u00e1gi parkol\u00e1si enged\u00e9lyr\u0151l val\u00f3 lemond\u00e1s\u00e9rt cser\u00e9be <a href=\"https:\/\/yourparking.hu\/en\/eves-bkv-berlet-eves-lakossagi-parkolasi-engedelyert\/\" target=\"_blank\" rel=\"noopener\">kedvezm\u00e9nyes BKK-b\u00e9rletet k\u00edn\u00e1ltak<\/a>. Az int\u00e9zked\u00e9s hat\u00e1s\u00e1ra a ker\u00fcletben k\u00f6zel 300-zal kevesebb aut\u00f3 foglal k\u00f6zter\u00fcleti parkol\u00f3helyet, \u00e9s \u00f6sszess\u00e9g\u00e9ben t\u00f6bb mint 22 sz\u00e1zal\u00e9kkal cs\u00f6kkent a kiadott lakoss\u00e1gi v\u00e1rakoz\u00e1si enged\u00e9lyek sz\u00e1ma 2024-hez k\u00e9pest.<\/p><p>A 2024-es \u00e9vben m\u00e9g 11 480 lakos ig\u00e9nyelt \u00e9ves v\u00e1rakoz\u00e1si enged\u00e9lyt, m\u00edg az \u00faj parkol\u00e1si szab\u00e1lyok bevezet\u00e9se ut\u00e1n 2025 elej\u00e9n ez a sz\u00e1m 8869-re cs\u00f6kkent. Ez jelent\u0151s el\u0151rel\u00e9p\u00e9s, hiszen a II. ker\u00fcletben \u00f6sszesen 8865 fizet\u0151s v\u00e1rakoz\u00f3hely \u00e1ll rendelkez\u00e9sre, \u00edgy a kiadott enged\u00e9lyek sz\u00e1m\u00e1nak m\u00e9rs\u00e9kl\u00e9se k\u00f6zvetlen\u00fcl hozz\u00e1j\u00e1rulhat a parkol\u00e1si neh\u00e9zs\u00e9gek enyh\u00edt\u00e9s\u00e9hez.<\/p><h2>Milyen eszk\u00f6z\u00f6ket alkalmazott a ker\u00fclet?<\/h2><p>Fontos megjegyezni, hogy a kiadott enged\u00e9lyek cs\u00f6kken\u00e9se nem csup\u00e1n a parkol\u00e1si d\u00edjak emel\u00e9s\u00e9nek eredm\u00e9nye, b\u00e1r ez is hozz\u00e1j\u00e1rulhatott a cs\u00f6kken\u00e9shez. 2024-ben egy szimbolikus, 2000 Ft-os ves d\u00edjat kellett fizetni az \u00e9ves parkol\u00e1si enged\u00e9ly\u00e9rt, 2025-ben az els\u0151 aut\u00f3 ut\u00e1n 12\u00a0000 Ft\/\u00e9v, a m\u00e1sodik ut\u00e1n d\u00edjz\u00f3n\u00e1t\u00f3l f\u00fcgg\u0151en ak\u00e1r 50\u00a0000 Ft\/\u00e9v is lehet az \u00f6sszeg. A II. ker\u00fcletben c\u00e9lzott kedvezm\u00e9nyekkel \u2013 \u00edgy p\u00e9ld\u00e1ul a nagycsal\u00e1dosoknak \u00e9s nyugd\u00edjasoknak ny\u00fajtott kedvezm\u00e9nyekkel igyekeztek figyelembe venni a szoci\u00e1lis helyzetet. Illetve a BKK-b\u00e9rlettel kombin\u00e1lt engedm\u00e9nnyel \u2013 \u00e9rt\u00e9k el a v\u00e1ltoz\u00e1st. A trendek pedig biztat\u00f3ak. M\u00edg 2023-r\u00f3l 2024-re a lakoss\u00e1gi v\u00e1rakoz\u00e1si enged\u00e9lyek sz\u00e1ma 16 sz\u00e1zal\u00e9kkal n\u00f6vekedett, ami \u00e9vente t\u00f6bb mint ezer \u00faj parkol\u00f3hely kialak\u00edt\u00e1s\u00e1t tette volna sz\u00fcks\u00e9gess\u00e9, addig 2025-re m\u00e1r 2611-gyel kevesebb aut\u00f3ra ig\u00e9nyeltek enged\u00e9lyt.<\/p><p>A BKK-kedvezm\u00e9ny \u00f6nmag\u00e1ban is \u00e9rz\u00e9kelhet\u0151 eredm\u00e9nyt hozott. 289 aut\u00f3tulajdonos mondott le a parkol\u00e1si enged\u00e9ly\u00e9r\u0151l a kedvezm\u00e9nyes \u00e9ves b\u00e9rlet\u00e9rt cser\u00e9be, ez a 2024-es enged\u00e9lyek sz\u00e1m\u00e1nak hozz\u00e1vet\u0151leg a 2,5%-a. Ez azt jelenti, hogy k\u00f6zel 300-zal kevesebb aut\u00f3 foglal k\u00f6zter\u00fcleti parkol\u00f3helyet, ami a belv\u00e1rosi ter\u00fcletek zs\u00fafolts\u00e1g\u00e1nak cs\u00f6kkent\u00e9s\u00e9ben is fontos szerepet j\u00e1tszhat.<\/p><h2>Innovat\u00edv okosparkol\u00e1si megold\u00e1sok<\/h2><p>A parkol\u00e1si helyzet tov\u00e1bbi jav\u00edt\u00e1sa \u00e9rdek\u00e9ben egyre nagyobb szerepet kapnak az innovat\u00edv okosparkol\u00e1si megold\u00e1sok. A <a href=\"https:\/\/yourparking.hu\/en\/termekek\/\" target=\"_blank\" rel=\"noopener\">YourParking<\/a> rendszere p\u00e9ld\u00e1ul jelent\u0151s seg\u00edts\u00e9get ny\u00fajthat a v\u00e1rosi parkol\u00e1s optimaliz\u00e1l\u00e1s\u00e1ban. Az okosparkol\u00e1si technol\u00f3gi\u00e1k \u2013 mint a val\u00f3s idej\u0171 parkol\u00f3hely-foglalts\u00e1g kijelz\u00e9se, az el\u0151zetes parkol\u00f3hely-foglal\u00e1s vagy a dinamikus tarifarendszerek \u2013 hat\u00e9konyan cs\u00f6kkenthetik a felesleges aut\u00f3forgalmat \u00e9s az ebb\u0151l ered\u0151 k\u00f6rnyezeti terhel\u00e9st.<\/p><p>A YourParking eszk\u00f6zei lehet\u0151s\u00e9get biztos\u00edtanak arra, hogy a parkolni v\u00e1gy\u00f3k el\u0151re lefoglalhass\u00e1k a parkol\u00f3helyeiket, \u00edgy elker\u00fclhetik a hosszas parkol\u00f3hely-keres\u00e9st, ami gyakran torl\u00f3d\u00e1sokhoz vezet a belv\u00e1rosi ker\u00fcletekben.<\/p><p>Az ilyen t\u00edpus\u00fa intelligens parkol\u00e1si megold\u00e1sok hossz\u00fa t\u00e1von hozz\u00e1j\u00e1rulhatnak a v\u00e1rosi mobilit\u00e1s fejleszt\u00e9s\u00e9hez, \u00e9s seg\u00edthetnek abban, hogy a k\u00f6zter\u00fcletek nagyobb ar\u00e1nyban legyenek el\u00e9rhet\u0151k a gyalogosok, a k\u00f6z\u00f6ss\u00e9gi k\u00f6zleked\u00e9st haszn\u00e1l\u00f3k \u00e9s a ker\u00e9kp\u00e1rosok sz\u00e1m\u00e1ra. A II. ker\u00fcletben bevezetett BKK-b\u00e9rlet kedvezm\u00e9ny m\u00e1r most is bizony\u00edtotta, hogy a k\u00f6zleked\u00e9si alternat\u00edv\u00e1k \u00f6szt\u00f6nz\u00e9s\u00e9vel cs\u00f6kkenthet\u0151 a parkol\u00f3 aut\u00f3k sz\u00e1ma \u2013 egy j\u00f3l megtervezett okosparkol\u00e1si rendszer pedig m\u00e9g hat\u00e9konyabb megold\u00e1st k\u00edn\u00e1lhat a j\u00f6v\u0151ben.<\/p>\t\t\t\t\t\t\t\t<\/div>\n\t\t\t\t<\/div>\n\t\t\t\t<div class=\"elementor-element elementor-element-a4e5489 elementor-widget elementor-widget-text-editor\" data-id=\"a4e5489\" data-element_type=\"widget\" data-widget_type=\"text-editor.default\">\n\t\t\t\t<div class=\"elementor-widget-container\">\n\t\t\t\t\t\t\t\t\t<h3>Sources<\/h3><p><em><a href=\"https:\/\/24.hu\/belfold\/2025\/02\/19\/parkolas-ii-kerulet-bkk-berlet-akcio-orsi-gergely\/\" target=\"_blank\" rel=\"noopener\">24.hu<\/a><\/em><br \/><em><a href=\"https:\/\/telex.hu\/belfold\/2024\/11\/27\/ii-kerulet-lakossagi-parkolas-dijemeles-szenzorok-bkk-berlet\" target=\"_blank\" rel=\"noopener\">Telex.hu<\/a><\/em><\/p>\t\t\t\t\t\t\t\t<\/div>\n\t\t\t\t<\/div>\n\t\t\t\t<div class=\"elementor-element elementor-element-6b99b21 elementor-widget elementor-widget-button\" data-id=\"6b99b21\" data-element_type=\"widget\" data-widget_type=\"button.default\">\n\t\t\t\t<div class=\"elementor-widget-container\">\n\t\t\t\t\t\t\t\t\t<div class=\"elementor-button-wrapper\">\n\t\t\t\t\t<a class=\"elementor-button elementor-button-link elementor-size-sm\" href=\"https:\/\/yourparking.hu\/en\/uzlet\/yourparking-smart-parkolasgatlo\/\" target=\"_blank\">\n\t\t\t\t\t\t<span class=\"elementor-button-content-wrapper\">\n\t\t\t\t\t\t\t\t\t<span class=\"elementor-button-text\">\u00c9rdekel az okosparkol\u00e1s<\/span>\n\t\t\t\t\t<\/span>\n\t\t\t\t\t<\/a>\n\t\t\t\t<\/div>\n\t\t\t\t\t\t\t\t<\/div>\n\t\t\t\t<\/div>\n\t\t\t\t\t<\/div>\n\t\t\t\t<\/div>\n\t\t\t\t<\/div>","protected":false},"excerpt":{"rendered":"<p>Hogyan cs\u00f6kkentek az \u00e9ves parkol\u00e1si enged\u00e9lyek a II. ker\u00fcletben? Kor\u00e1bbi cikk\u00fcnkben r\u00e9szletesen bemutattuk, hogy Budapest k\u00fcl\u00f6nb\u00f6z\u0151 ker\u00fcleteiben hogyan v\u00e1ltoztak az \u00e9ves lakoss\u00e1gi parkol\u00e1si enged\u00e9lyek d\u00edjai. A parkol\u00e1si k\u00f6lts\u00e9gek n\u00f6veked\u00e9se mellett egyre nagyobb figyelmet kapnak azok a megold\u00e1sok, amelyek seg\u00edtenek cs\u00f6kkenteni a k\u00f6zter\u00fcleteken parkol\u00f3 aut\u00f3k sz\u00e1m\u00e1t \u00e9s enyh\u00edteni a t\u00falzs\u00fafolt v\u00e1rosr\u00e9szek parkol\u00e1si probl\u00e9m\u00e1it. Egy pozit\u00edv p\u00e9ld\u00e1t [&hellip;]<\/p>","protected":false},"author":7,"featured_media":6853,"comment_status":"closed","ping_status":"closed","sticky":false,"template":"","format":"standard","meta":{"_acf_changed":false,"footnotes":""},"categories":[136,35],"tags":[145,36],"class_list":["post-6852","post","type-post","status-publish","format-standard","has-post-thumbnail","hentry","category-lakossagi-parkolasi-engedely","category-parkolas","tag-eves-lakossagi-engedely","tag-parkolas"],"acf":[],"_links":{"self":[{"href":"https:\/\/yourparking.hu\/en\/wp-json\/wp\/v2\/posts\/6852","targetHints":{"allow":["GET"]}}],"collection":[{"href":"https:\/\/yourparking.hu\/en\/wp-json\/wp\/v2\/posts"}],"about":[{"href":"https:\/\/yourparking.hu\/en\/wp-json\/wp\/v2\/types\/post"}],"author":[{"embeddable":true,"href":"https:\/\/yourparking.hu\/en\/wp-json\/wp\/v2\/users\/7"}],"replies":[{"embeddable":true,"href":"https:\/\/yourparking.hu\/en\/wp-json\/wp\/v2\/comments?post=6852"}],"version-history":[{"count":0,"href":"https:\/\/yourparking.hu\/en\/wp-json\/wp\/v2\/posts\/6852\/revisions"}],"wp:featuredmedia":[{"embeddable":true,"href":"https:\/\/yourparking.hu\/en\/wp-json\/wp\/v2\/media\/6853"}],"wp:attachment":[{"href":"https:\/\/yourparking.hu\/en\/wp-json\/wp\/v2\/media?parent=6852"}],"wp:term":[{"taxonomy":"category","embeddable":true,"href":"https:\/\/yourparking.hu\/en\/wp-json\/wp\/v2\/categories?post=6852"},{"taxonomy":"post_tag","embeddable":true,"href":"https:\/\/yourparking.hu\/en\/wp-json\/wp\/v2\/tags?post=6852"}],"curies":[{"name":"wp","href":"https:\/\/api.w.org\/{rel}","templated":true}]}}