{"id":6815,"date":"2025-02-06T02:43:48","date_gmt":"2025-02-06T00:43:48","guid":{"rendered":"https:\/\/yourparking.hu\/?p=6815"},"modified":"2025-07-07T17:12:14","modified_gmt":"2025-07-07T15:12:14","slug":"mit-kell-tudnod-a-budapesti-eves-lakossagi-parkolasi-engedelyekrol","status":"publish","type":"post","link":"https:\/\/yourparking.hu\/en\/mit-kell-tudnod-a-budapesti-eves-lakossagi-parkolasi-engedelyekrol\/","title":{"rendered":"Mit kell tudnod a budapesti \u00e9ves lakoss\u00e1gi parkol\u00e1si enged\u00e9lyekr\u0151l?"},"content":{"rendered":"<div data-elementor-type=\"wp-post\" data-elementor-id=\"6815\" class=\"elementor elementor-6815\" data-elementor-post-type=\"post\">\n\t\t\t\t<div class=\"elementor-element elementor-element-d15d4fb e-flex e-con-boxed e-con e-parent\" data-id=\"d15d4fb\" data-element_type=\"container\">\n\t\t\t\t\t<div class=\"e-con-inner\">\n\t\t\t\t<div class=\"elementor-element elementor-element-9ae7ad4 elementor-widget elementor-widget-text-editor\" data-id=\"9ae7ad4\" data-element_type=\"widget\" data-widget_type=\"text-editor.default\">\n\t\t\t\t<div class=\"elementor-widget-container\">\n\t\t\t\t\t\t\t\t\t<h2>Hogy alakulnak \u00e9s mit\u0151l f\u00fcggenek a budapesti \u00e9ves lakoss\u00e1gi parkol\u00e1si enged\u00e9lyek d\u00edjai?<\/h2><p>Ha Budapesten laksz, nyilv\u00e1n ismered azt az \u00e9rz\u00e9st, amikor m\u00e1r negyed\u00f3r\u00e1ja rovod a k\u00f6r\u00f6ket a lak\u00f3helyed k\u00f6r\u00fcl, mert sehol sem tal\u00e1lsz szabad helyet. Nem v\u00e9letlen, <a href=\"https:\/\/yourparking.hu\/en\/a-magyarorszagi-szemelyauto-allomany-novekedese\/\" target=\"_blank\" rel=\"noopener\">Magyarorsz\u00e1gon \u00e9s a f\u0151v\u00e1ros utc\u00e1in \u00e9vr\u0151l \u00e9vre n\u0151 az aut\u00f3k sz\u00e1ma<\/a>, de a parkol\u00f3helyek sz\u00e1ma csak lassan b\u0151v\u00fcl. Ezen a helyzeten is igyekeznek v\u00e1ltoztatni a ker\u00fcleti \u00f6nkorm\u00e1nyzatok, m\u00e9ghozz\u00e1 \u00faj szab\u00e1lyokkal \u00e9s \u00faj d\u00edjakkal. 2025-t\u0151l t\u00f6bb helyen dr\u00e1gul a lakoss\u00e1gi parkol\u00e1si enged\u00e9ly, r\u00e1ad\u00e1sul a fizetend\u0151 \u00f6sszeg sokf\u00e9le t\u00e9nyez\u0151t\u0151l f\u00fcgg.<\/p><p>Az al\u00e1bbiakban \u00f6sszeszedt\u00fck a legfontosabb tudnival\u00f3kat. Melyik ker\u00fcletben mennyit kell fizetned az els\u0151 \u00e9s a m\u00e1sodik aut\u00f3 ut\u00e1n, milyen szempontokkal kalkul\u00e1lhatsz?<\/p><h2>Mi\u00e9rt v\u00e1ltozik a d\u00edjrendszer?<\/h2><p>A legt\u00f6bb ker\u00fcletben nem \u00fajdons\u00e1g, hogy az \u00e9ves enged\u00e9ly \u00e1ra az aut\u00f3 k\u00f6rnyezetv\u00e9delmi besorol\u00e1s\u00e1n \u00e9s a parkol\u00e1si d\u00edjz\u00f3n\u00e1n alapul. Magyarul, ha elektromos vagy hibrid j\u00e1rm\u0171vel j\u00e1rsz, kedvez\u0151bb \u00e1rat kapsz, m\u00edg ha r\u00e9gebbi, magas k\u00e1rosanyag-kibocs\u00e1t\u00e1s\u00fa kocsid van, m\u00e9lyebben kell a zsebedbe ny\u00falnod. Ez egyszerre \u00f6szt\u00f6nzi a k\u00f6rnyezetk\u00edm\u00e9l\u0151 aut\u00f3k elterjed\u00e9s\u00e9t \u00e9s cs\u00f6kkenti a t\u00falzs\u00fafolts\u00e1got. Emellett az sem mindegy, hogy a ker\u00fclet mely z\u00f3n\u00e1j\u00e1ban ig\u00e9nyled, hiszen egyes z\u00f3n\u00e1k \u00f3rad\u00edjai magasabbak, \u00edgy az \u00e9ves enged\u00e9ly is dr\u00e1g\u00e1bb lehet.<\/p><p>Vannak tov\u00e1bb\u00e1 speci\u00e1lis szab\u00e1lyok, p\u00e9ld\u00e1ul az \u00fajonnan \u00e9p\u00edtett lak\u00e1sok eset\u00e9ben p\u00e9ld\u00e1ul a VIII. \u00e9s XIII. ker\u00fcletben, ahol a fejleszt\u0151knek m\u00e1r eleve parkol\u00f3helyeket kell kialak\u00edtaniuk, \u00edgy a k\u00f6zter\u00fcleti enged\u00e9lyek d\u00edja is magasabb. Az is felt\u0171n\u0151, hogy szinte mindenhol j\u00f3val t\u00f6bb a m\u00e1sodik aut\u00f3ra fizetend\u0151 \u00f6sszeg, hiszen a c\u00e9l egy\u00e9rtelm\u0171, ne tartsunk f\u00f6l\u00f6slegesen t\u00f6bb aut\u00f3t az utc\u00e1n, pl\u00e1ne a frekvent\u00e1lt belv\u00e1rosi r\u00e9szeken.<\/p><h2>Mennyibe ker\u00fclnek az \u00e9ves parkol\u00e1si d\u00edjak ker\u00fcletenk\u00e9nt?<\/h2><p>\u00d6sszeszedt\u00fck egy t\u00e1bl\u00e1zatban, hogy a f\u0151v\u00e1ros egyes ker\u00fcleteiben hogyan alakulnak 2025-ben a d\u00edjak, az \u00e9ves adatok forintban \u00e9rtend\u0151k. Egyes \u00f6nkorm\u00e1nyzatok jelent\u0151s kedvezm\u00e9nyeket adnak kiemelt csoportoknak ezen fel\u00fcl, p\u00e9ld\u00e1ul nagycsal\u00e1dosoknak, id\u0151seknek vagy mozg\u00e1skorl\u00e1tozottaknak. De a <a href=\"https:\/\/yourparking.hu\/en\/eves-bkv-berlet-eves-lakossagi-parkolasi-engedelyert\/\" target=\"_blank\" rel=\"noopener\">II. ker\u00fclet p\u00e9ld\u00e1ul ingyen \u00e9ves BKV-b\u00e9rletet aj\u00e1nl<\/a> azoknak, akik lemondanak \u00e9ves parkol\u00e1si enged\u00e9ly\u00fck meghosszabb\u00edt\u00e1s\u00e1r\u00f3l.<\/p>\t\t\t\t\t\t\t\t<\/div>\n\t\t\t\t<\/div>\n\t\t\t\t<div class=\"elementor-element elementor-element-8624b4f elementor-widget elementor-widget-image\" data-id=\"8624b4f\" data-element_type=\"widget\" data-widget_type=\"image.default\">\n\t\t\t\t<div class=\"elementor-widget-container\">\n\t\t\t\t\t\t\t\t\t\t\t\t\t\t\t<img fetchpriority=\"high\" decoding=\"async\" width=\"740\" height=\"364\" src=\"https:\/\/yourparking.hu\/wp-content\/uploads\/2025\/02\/Budapesti-keruletek-eves-lakossagi-parkolasi-dija-2025-1.png\" class=\"attachment-large size-large wp-image-6819\" alt=\"Budapesti ker\u00fcletek \u00e9ves lakoss\u00e1gi parkol\u00e1si d\u00edja 2025\" srcset=\"https:\/\/yourparking.hu\/wp-content\/uploads\/2025\/02\/Budapesti-keruletek-eves-lakossagi-parkolasi-dija-2025-1.png 740w, https:\/\/yourparking.hu\/wp-content\/uploads\/2025\/02\/Budapesti-keruletek-eves-lakossagi-parkolasi-dija-2025-1-18x9.webp 18w, https:\/\/yourparking.hu\/wp-content\/uploads\/2025\/02\/Budapesti-keruletek-eves-lakossagi-parkolasi-dija-2025-1-600x295.webp 600w\" sizes=\"(max-width: 740px) 100vw, 740px\" \/>\t\t\t\t\t\t\t\t\t\t\t\t\t\t\t<\/div>\n\t\t\t\t<\/div>\n\t\t\t\t<div class=\"elementor-element elementor-element-0a66e94 elementor-widget elementor-widget-text-editor\" data-id=\"0a66e94\" data-element_type=\"widget\" data-widget_type=\"text-editor.default\">\n\t\t\t\t<div class=\"elementor-widget-container\">\n\t\t\t\t\t\t\t\t\t<h2>Mik az \u00faj szab\u00e1lyok c\u00e9ljai?<\/h2><p>Egyre er\u0151sebb sz\u00e1nd\u00e9k, hogy a belv\u00e1ros ne fulladjon bele a forgalomba, a lakoss\u00e1g pedig ne nyomorogjon a parkol\u00f3helyek\u00e9rt, \u00edgy ez egyik c\u00e9l a forgalomcsillap\u00edt\u00e1s. A magasabb k\u00e1rosanyag-kibocs\u00e1t\u00e1s\u00fa aut\u00f3k parkoltat\u00e1sa t\u00f6bbe ker\u00fcl, \u00edgy el\u0151bb-ut\u00f3bb t\u00f6bben v\u00e1ltanak k\u00f6rnyezetk\u00edm\u00e9l\u0151bb j\u00e1rm\u0171re \u2013 vagy \u00e9ppen alternat\u00edv k\u00f6zleked\u00e9si eszk\u00f6zre, mint a bicikli, a carsharing megold\u00e1sok vagy a roller.<\/p><p>B\u00e1r els\u0151re bosszant\u00f3 lehet, hogy egyes ker\u00fcletekben jelent\u0151sen megugrott a d\u00edj a m\u00e1sodik aut\u00f3ra, gondoljunk bele, milyen lenne, ha mindenhol korl\u00e1tlan \u00e9s olcs\u00f3 lenne a parkol\u00e1s. A belv\u00e1rosban parkol\u00f3 aut\u00f3k sz\u00e1ma val\u00f3sz\u00edn\u0171leg az egekbe sz\u00f6kne, \u00e9s m\u00e9g ennyi es\u00e9ly sem lenne szabad helyet tal\u00e1lni.<\/p><h2>Hogyan seg\u00edthet a YourParking okos parkol\u00e1sg\u00e1tl\u00f3 eszk\u00f6ze a zs\u00fafolts\u00e1g enyh\u00edt\u00e9s\u00e9ben?<\/h2><p>Hi\u00e1ba fizeted ki a s\u00falyos \u00f6sszegeket, ha mire haza\u00e9rsz, elfoglalj\u00e1k a helyedet. Ez\u00e9rt egyre n\u00e9pszer\u0171bbek az okos parkol\u00e1sg\u00e1tl\u00f3 rendszerek, amelyekkel val\u00f3ban meg\u00f3vhatod a jogos tulajdonk\u00e9nt haszn\u00e1lt vagy b\u00e9relt parkol\u00f3helyedet. Az okos parkol\u00e1sg\u00e1tl\u00f3 rendszerek, p\u00e9ld\u00e1ul a YourParking megold\u00e1sai, igazi \u00e1tt\u00f6r\u00e9st hozhatnak a f\u0151v\u00e1rosi parkol\u00e1si neh\u00e9zs\u00e9gek enyh\u00edt\u00e9s\u00e9ben. Digit\u00e1lisan vez\u00e9relhet\u0151k, \u00edgy biztos\u00edtva, hogy a fenntartott parkol\u00f3helyeket csak azok haszn\u00e1lj\u00e1k, akiknek val\u00f3ban joguk van r\u00e1 \u2013 elker\u00fclhet\u0151 az illet\u00e9ktelen parkol\u00e1s \u00e9s a felesleges utcai k\u00f6r\u00f6z\u00e9s. A felhaszn\u00e1l\u00f3k egy mobilalkalmaz\u00e1sban tudnak id\u0151pontot foglalni, illetve onnan nyithatj\u00e1k vagy z\u00e1rhatj\u00e1k a parkol\u00e1sg\u00e1tl\u00f3t 3-5 m\u00e1sodperc alatt, s\u0151t a k\u00f6zelben tal\u00e1lhat\u00f3 szabad helyeket is val\u00f3s id\u0151ben l\u00e1tj\u00e1k. Ez nem csak id\u0151t \u00e9s idegesked\u00e9st sp\u00f3rol meg, de hozz\u00e1j\u00e1rul a forgalom \u00e9s a l\u00e9gszennyez\u00e9s cs\u00f6kken\u00e9s\u00e9hez is, hiszen kevesebb aut\u00f3 bolyong c\u00e9ltalanul. A rendszereink r\u00e1ad\u00e1sul kiv\u00e1l\u00f3an m\u0171k\u00f6dnek t\u00f6bblak\u00e1sos t\u00e1rsash\u00e1zakban, irodah\u00e1zakn\u00e1l vagy m\u00e1s forgalmas v\u00e1rosi ter\u00fcleteken, ahol k\u00fcl\u00f6n\u00f6sen fontos, hogy min\u00e9l hat\u00e9konyabban, pontosabban lehessen beosztani az el\u00e9rhet\u0151 parkol\u00f3helyeket, \u00edgy az \u00e9ves lakoss\u00e1gi parkol\u00e1si enged\u00e9lyek dr\u00e1g\u00edt\u00e1s\u00e1n t\u00fal is mutatkozik olyan eszk\u00f6z, amely \u00e9rdemben cs\u00f6kkentheti a parkol\u00e1si zs\u00fafolts\u00e1got.<\/p>\t\t\t\t\t\t\t\t<\/div>\n\t\t\t\t<\/div>\n\t\t\t\t<div class=\"elementor-element elementor-element-906f058 elementor-widget elementor-widget-text-editor\" data-id=\"906f058\" data-element_type=\"widget\" data-widget_type=\"text-editor.default\">\n\t\t\t\t<div class=\"elementor-widget-container\">\n\t\t\t\t\t\t\t\t\t<h3>Sources<\/h3><p><em><a href=\"https:\/\/budavar.hu\/parkolasi_tajekoztato_2025\/\" target=\"_blank\" rel=\"noopener\">budavar.hu<\/a><\/em><br \/><em><a href=\"https:\/\/telex.hu\/belfold\/2024\/11\/27\/ii-kerulet-lakossagi-parkolas-dijemeles-szenzorok-bkk-berlet\" target=\"_blank\" rel=\"noopener\">telex.hu<\/a><\/em><br \/><em><a href=\"https:\/\/obuda.hu\/mar-igenyelhetok-a-2025-os-parkolasi-engedelyek-tobb-ponton-valtozik-keruletunk-parkolasi-rendszere\/\" target=\"_blank\" rel=\"noopener\">obuda.hu<\/a><\/em><br \/><em><a href=\"https:\/\/blkf.hu\/hu\/page\/lakossagi-parkolasi-engedelyek-kiadasa\/\" target=\"_blank\" rel=\"noopener\">blkf.hu<\/a><\/em><br \/><em><a href=\"https:\/\/terezvaros.hu\/ugyintezes\/parkolas\" target=\"_blank\" rel=\"noopener\">terezvaros.hu<\/a><\/em><br \/><em><a href=\"https:\/\/erzsebetparkolas.hu\/lakossagi-kedvezmeny\/\" target=\"_blank\" rel=\"noopener\">erzsebetparkolas.hu<\/a><\/em><br \/><em><a href=\"https:\/\/www.jgk.hu\/parkolasi-informaciok\/korzetek-varakozasi-es-altalanos-parkolasi-informaciok\/\" target=\"_blank\" rel=\"noopener\">jgk.hu<\/a><\/em><br \/><em><a href=\"https:\/\/ferencvarosiparkolas.hu\/altalanos-tajekoztato\/\" target=\"_blank\" rel=\"noopener\">ferencvarosiparkolas.hu<\/a><\/em><br \/><em><a href=\"https:\/\/parkolas.ujbuda.hu\/index.php\/lakossagi-varakozasi-hozzajarulas\/\" target=\"_blank\" rel=\"noopener\">parkolas.ujbuda.hu<\/a><\/em><br \/><em><a href=\"https:\/\/kozszolgaltato.bp13.hu\/tevekenysegeink\/parkolas-2\/parkolasi-engedelyek\/\" target=\"_blank\" rel=\"noopener\">kozszolgaltato.bp13.hu<\/a><\/em><br \/><em><a href=\"https:\/\/www.zugloiparkolas.hu\/lakossagi-kedvezmeny\" target=\"_blank\" rel=\"noopener\">zugloiparkolas.hu<\/a><\/em><br \/><em><a href=\"https:\/\/hegyvidek.hu\/aktualis\/parkolas-kisokos-2025\" target=\"_blank\" rel=\"noopener\">hegyvidek.hu<\/a><\/em><br \/>\u00a0<\/p>\t\t\t\t\t\t\t\t<\/div>\n\t\t\t\t<\/div>\n\t\t\t\t<div class=\"elementor-element elementor-element-093d7e2 elementor-widget elementor-widget-button\" data-id=\"093d7e2\" data-element_type=\"widget\" data-widget_type=\"button.default\">\n\t\t\t\t<div class=\"elementor-widget-container\">\n\t\t\t\t\t\t\t\t\t<div class=\"elementor-button-wrapper\">\n\t\t\t\t\t<a class=\"elementor-button elementor-button-link elementor-size-sm\" href=\"https:\/\/yourparking.hu\/en\/uzlet\/yourparking-smart-parkolasgatlo\/\" target=\"_blank\">\n\t\t\t\t\t\t<span class=\"elementor-button-content-wrapper\">\n\t\t\t\t\t\t\t\t\t<span class=\"elementor-button-text\">\u00c9rdekel az okosparkol\u00e1s<\/span>\n\t\t\t\t\t<\/span>\n\t\t\t\t\t<\/a>\n\t\t\t\t<\/div>\n\t\t\t\t\t\t\t\t<\/div>\n\t\t\t\t<\/div>\n\t\t\t\t\t<\/div>\n\t\t\t\t<\/div>\n\t\t\t\t<\/div>","protected":false},"excerpt":{"rendered":"<p>Hogy alakulnak \u00e9s mit\u0151l f\u00fcggenek a budapesti \u00e9ves lakoss\u00e1gi parkol\u00e1si enged\u00e9lyek d\u00edjai? Ha Budapesten laksz, nyilv\u00e1n ismered azt az \u00e9rz\u00e9st, amikor m\u00e1r negyed\u00f3r\u00e1ja rovod a k\u00f6r\u00f6ket a lak\u00f3helyed k\u00f6r\u00fcl, mert sehol sem tal\u00e1lsz szabad helyet. Nem v\u00e9letlen, Magyarorsz\u00e1gon \u00e9s a f\u0151v\u00e1ros utc\u00e1in \u00e9vr\u0151l \u00e9vre n\u0151 az aut\u00f3k sz\u00e1ma, de a parkol\u00f3helyek sz\u00e1ma csak lassan b\u0151v\u00fcl. [&hellip;]<\/p>","protected":false},"author":7,"featured_media":6816,"comment_status":"closed","ping_status":"closed","sticky":false,"template":"","format":"standard","meta":{"_acf_changed":false,"footnotes":""},"categories":[110,45],"tags":[145,46],"class_list":["post-6815","post","type-post","status-publish","format-standard","has-post-thumbnail","hentry","category-fizetoparkolas","category-okosparkolas","tag-eves-lakossagi-engedely","tag-okosparkolas"],"acf":[],"_links":{"self":[{"href":"https:\/\/yourparking.hu\/en\/wp-json\/wp\/v2\/posts\/6815","targetHints":{"allow":["GET"]}}],"collection":[{"href":"https:\/\/yourparking.hu\/en\/wp-json\/wp\/v2\/posts"}],"about":[{"href":"https:\/\/yourparking.hu\/en\/wp-json\/wp\/v2\/types\/post"}],"author":[{"embeddable":true,"href":"https:\/\/yourparking.hu\/en\/wp-json\/wp\/v2\/users\/7"}],"replies":[{"embeddable":true,"href":"https:\/\/yourparking.hu\/en\/wp-json\/wp\/v2\/comments?post=6815"}],"version-history":[{"count":0,"href":"https:\/\/yourparking.hu\/en\/wp-json\/wp\/v2\/posts\/6815\/revisions"}],"wp:featuredmedia":[{"embeddable":true,"href":"https:\/\/yourparking.hu\/en\/wp-json\/wp\/v2\/media\/6816"}],"wp:attachment":[{"href":"https:\/\/yourparking.hu\/en\/wp-json\/wp\/v2\/media?parent=6815"}],"wp:term":[{"taxonomy":"category","embeddable":true,"href":"https:\/\/yourparking.hu\/en\/wp-json\/wp\/v2\/categories?post=6815"},{"taxonomy":"post_tag","embeddable":true,"href":"https:\/\/yourparking.hu\/en\/wp-json\/wp\/v2\/tags?post=6815"}],"curies":[{"name":"wp","href":"https:\/\/api.w.org\/{rel}","templated":true}]}}