{"id":6761,"date":"2025-02-03T01:24:29","date_gmt":"2025-02-02T23:24:29","guid":{"rendered":"https:\/\/yourparking.hu\/?p=6761"},"modified":"2025-07-07T17:15:04","modified_gmt":"2025-07-07T15:15:04","slug":"eves-bkv-berlet-eves-lakossagi-parkolasi-engedelyert","status":"publish","type":"post","link":"https:\/\/yourparking.hu\/en\/eves-bkv-berlet-eves-lakossagi-parkolasi-engedelyert\/","title":{"rendered":"\u00c9ves BKV-b\u00e9rlet \u00e9ves lakoss\u00e1gi parkol\u00e1si enged\u00e9ly\u00e9rt"},"content":{"rendered":"<div data-elementor-type=\"wp-post\" data-elementor-id=\"6761\" class=\"elementor elementor-6761\" data-elementor-post-type=\"post\">\n\t\t\t\t<div class=\"elementor-element elementor-element-3ce7771 e-flex e-con-boxed e-con e-parent\" data-id=\"3ce7771\" data-element_type=\"container\">\n\t\t\t\t\t<div class=\"e-con-inner\">\n\t\t\t\t<div class=\"elementor-element elementor-element-8a047aa elementor-widget elementor-widget-text-editor\" data-id=\"8a047aa\" data-element_type=\"widget\" data-widget_type=\"text-editor.default\">\n\t\t\t\t<div class=\"elementor-widget-container\">\n\t\t\t\t\t\t\t\t\t<p>A II. ker\u00fcleti v\u00e1rosvezet\u00e9s jelent\u0151s l\u00e9p\u00e9sre sz\u00e1nta el mag\u00e1t &#8211; \u00e9ves BKK-b\u00e9rletet ad azoknak a helyi lakosoknak, akik nem hosszabb\u00edtj\u00e1k meg a 2024-ben bizony\u00edthat\u00f3an megl\u00e9v\u0151 lakoss\u00e1gi parkol\u00e1si enged\u00e9ly\u00fcket 2025-re. Ez a l\u00e9p\u00e9s els\u0151sorban azoknak sz\u00f3l, akik szeretn\u00e9k cs\u00f6kkenteni saj\u00e1t aut\u00f3s jelenl\u00e9t\u00fcket a ker\u00fcletben, \u00e9s ink\u00e1bb a k\u00f6z\u00f6ss\u00e9gi k\u00f6zleked\u00e9st v\u00e1lasztan\u00e1k.<\/p><p>Akik viszont tov\u00e1bbra is ragaszkodnak a ker\u00fcleti parkol\u00e1si enged\u00e9lyhez, 2025-t\u0151l j\u00f3val magasabb d\u00edjakkal sz\u00e1molhatnak, k\u00fcl\u00f6n\u00f6sen, a m\u00e1sodik aut\u00f3 eset\u00e9n van sz\u00f3.<\/p><h2>Kev\u00e9s a parkol\u00f3hely<\/h2><p>A II. ker\u00fcletben az 8865 parkol\u00f3helyre 11162 darab, szinte ingyenes lakoss\u00e1gi v\u00e1rakoz\u00e1si enged\u00e9ly jut, ami t\u00falzs\u00fafolts\u00e1got \u00e9s folyamatos parkol\u00e1si neh\u00e9zs\u00e9geket eredm\u00e9nyez. Az \u00f6nkorm\u00e1nyzat m\u00e1r kor\u00e1bban, kisebb d\u00edjemel\u00e9ssel pr\u00f3b\u00e1lt hatni a helyzetre, \u00e1m ez nem hozta meg a k\u00edv\u00e1nt eredm\u00e9nyt, s\u0151t a lakoss\u00e1gi v\u00e1rakoz\u00e1si hozz\u00e1j\u00e1rul\u00e1sok sz\u00e1ma m\u00e9g 16 sz\u00e1zal\u00e9kkal n\u0151tt is az el\u0151z\u0151 id\u0151szakhoz k\u00e9pest. Az enged\u00e9lyek d\u00edja \u00edgy tov\u00e1bb dr\u00e1gult 2025-re.<\/p><p>Az els\u0151 g\u00e9pj\u00e1rm\u0171\u00e9rt \u00e9vi 10 000 forintot kell fizetni, plusz 2000 Ft \u00fcgyint\u00e9z\u00e9si k\u00f6lts\u00e9get. A m\u00e1sodik aut\u00f3\u00e9rt az adott d\u00edjz\u00f3na \u00f3rad\u00edj\u00e1nak k\u00e9tsz\u00e1z\u00f6tvenszeres\u00e9nek egyharmad\u00e1t kell befizetni, ez z\u00f3n\u00e1t\u00f3l f\u00fcgg\u0151en \u00e9vi 50 000 forint, 37 500 forint, vagy 25 000 forint. Nagycsal\u00e1dosok \u00e9s nyugd\u00edjasok tov\u00e1bbra is 50 sz\u00e1zal\u00e9kos kedvezm\u00e9nyt kapnak mind az els\u0151, mind a m\u00e1sodik aut\u00f3 parkol\u00e1si hozz\u00e1j\u00e1rul\u00e1s\u00e1ra.<\/p><h2>V\u00e1lt\u00e1s t\u00f6megk\u00f6zleked\u00e9sre<\/h2><p>Azok a ker\u00fcleti lakosok, akik rendelkeznek \u00e1lland\u00f3 lakc\u00edmmel, az ig\u00e9nyl\u00e9st megel\u0151z\u0151 \u00e9vben m\u00e9g volt lakoss\u00e1gi v\u00e1rakoz\u00e1si hozz\u00e1j\u00e1rul\u00e1suk, \u00e1m lemondanak az \u00faj \u00e9vi enged\u00e9ly kiv\u00e1lt\u00e1s\u00e1r\u00f3l, ig\u00e9nyelhetnek 99\u00a0950 Ft \u00e9rt\u00e9k\u0171 \u00e9ves BKV b\u00e9rletet, amelyet az \u00f6nkorm\u00e1nyzat aj\u00e1nl fel az ig\u00e9nyl\u0151knek, akik \u00edgy \u00e9ves szintek a legdr\u00e1g\u00e1bb d\u00edjz\u00f3n\u00e1ban egy m\u00e1sodik aut\u00f3s enged\u00e9ly visszaad\u00e1s\u00e1val ak\u00e1r 150\u00a0000 Ft-ot is sp\u00f3rolhatnak.<\/p><h2>Hogyan seg\u00edthet az okosparkol\u00e1s?<\/h2><p>L\u00e1thatjuk, hogy a ker\u00fclet a parkol\u00e1si zs\u00fafolts\u00e1g cs\u00f6kkent\u00e9s\u00e9re k\u00e9t m\u00f3dszert alkalmaz. Az egyik, hogy emeli a parkol\u00e1si hozz\u00e1j\u00e1rul\u00e1sok d\u00edjait, f\u0151k\u00e9nt a m\u00e1sodik aut\u00f3kat \u00e9rint\u0151en. Az \u00e1rrugalmass\u00e1g szab\u00e1lyai szerint ennek pap\u00edron cs\u00f6kkenteni kellene a kiv\u00e1ltott enged\u00e9lyek sz\u00e1m\u00e1t, ugyanakkor a kor\u00e1bbi \u00e9vekben ez nem t\u00f6rt\u00e9nt meg.<\/p><p>A m\u00e1sik az egyszeri anyagi \u00f6szt\u00f6nz\u0151. Az illet\u0151 nem fizeti meg a lakoss\u00e1gi enged\u00e9ly \u00e1r\u00e1t, cser\u00e9be viszont egyszeri alkalommal kap egy \u00e9ves BKV b\u00e9rletet. K\u00e9rd\u00e9ses, hogy a ker\u00fcleti parkol\u00e1st elhagy\u00f3k v\u00e9gleg leteszik az aut\u00f3t, vagy keresnek egy ingyenes z\u00f3n\u00e1t a k\u00f6zelben, ahol t\u00e1rolhatj\u00e1k?<\/p><p>\u00c9sszer\u0171 d\u00f6nt\u00e9snek t\u0171nik ugyan mindk\u00e9t megold\u00e1s, de k\u00e9rd\u00e9ses, hogy el\u00e9rik-e a k\u00edv\u00e1nt hat\u00e1st? A 8865 parkol\u00f3helyet term\u00e9szetesen nem egyszerre haszn\u00e1lja a 11162 parkol\u00e1si enged\u00e9llyel rendelkez\u0151 aut\u00f3, plusz a ker\u00fcletbe beutaz\u00f3k, hiszen ez fizikailag lehetetlen lenne. Id\u0151ben elosztva parkolnak, \u00e9s term\u00e9szetesen nem mindig ugyanazon a helyen. Ennek a t\u00e9rbeli \u00e9s id\u0151beli parkol\u00e1seloszl\u00e1snak az optimaliz\u00e1ci\u00f3j\u00e1ban seg\u00edhet a YourParking okosparkol\u00e1si megold\u00e1sa, amely okosalkalmaz\u00e1s\u00e1n kereszt\u00fcl megmutatja a parkolni k\u00edv\u00e1n\u00f3k sz\u00e1m\u00e1ra az \u00e9ppen rendelkez\u00e9sre \u00e1ll\u00f3 parkol\u00f3helyeket, seg\u00edtve a szabad helyek optim\u00e1lis eloszt\u00e1s\u00e1t. Ez egy olyan eszk\u00f6z, amely ak\u00e1r kombin\u00e1lhat\u00f3 lehet a parkol\u00e1si enged\u00e9lyek sz\u00e1m\u00e1nak korl\u00e1toz\u00e1s\u00e1val, egy m\u00e1sik aspektusb\u00f3l megfogva a szabad parkol\u00f3helyek keres\u00e9s\u00e9nek problematik\u00e1j\u00e1t. Az eszk\u00f6zeink alkalmasak d\u00edj szed\u00e9s\u00e9re is applik\u00e1ci\u00f3n kereszt\u00fcl, \u00edgy kombin\u00e1lhat\u00f3k ak\u00e1r megl\u00e9v\u0151 informatikai rendszerekkel. A d\u00f6nt\u00e9shoz\u00f3knak \u00e9rdemes lehet gondolni a j\u00f6v\u0151ben egy ilyen XXI. sz\u00e1zadi parkol\u00e1si megold\u00e1sra is.<\/p>\t\t\t\t\t\t\t\t<\/div>\n\t\t\t\t<\/div>\n\t\t\t\t\t<\/div>\n\t\t\t\t<\/div>\n\t\t<div class=\"elementor-element elementor-element-0e7feff e-flex e-con-boxed e-con e-parent\" data-id=\"0e7feff\" data-element_type=\"container\">\n\t\t\t\t\t<div class=\"e-con-inner\">\n\t\t\t\t<div class=\"elementor-element elementor-element-f70f050 elementor-widget elementor-widget-text-editor\" data-id=\"f70f050\" data-element_type=\"widget\" data-widget_type=\"text-editor.default\">\n\t\t\t\t<div class=\"elementor-widget-container\">\n\t\t\t\t\t\t\t\t\t<h3>Forr\u00e1s<\/h3><p><em><a href=\"https:\/\/telex.hu\/belfold\/2024\/11\/27\/ii-kerulet-lakossagi-parkolas-dijemeles-szenzorok-bkk-berlet\" target=\"_blank\" rel=\"noopener\">Telex.hu<\/a><\/em><br \/><em><a href=\"https:\/\/www.economx.hu\/gazdasag\/ii-kerulet-parkolas-dijemeles-bkk-berlet.800296.html\" target=\"_blank\" rel=\"noopener\">Economx.hu<\/a><\/em><\/p>\t\t\t\t\t\t\t\t<\/div>\n\t\t\t\t<\/div>\n\t\t\t\t<div class=\"elementor-element elementor-element-9bacedc elementor-widget elementor-widget-button\" data-id=\"9bacedc\" data-element_type=\"widget\" data-widget_type=\"button.default\">\n\t\t\t\t<div class=\"elementor-widget-container\">\n\t\t\t\t\t\t\t\t\t<div class=\"elementor-button-wrapper\">\n\t\t\t\t\t<a class=\"elementor-button elementor-button-link elementor-size-sm\" href=\"https:\/\/yourparking.hu\/en\/uzlet\/yourparking-smart-parkolasgatlo\/\">\n\t\t\t\t\t\t<span class=\"elementor-button-content-wrapper\">\n\t\t\t\t\t\t\t\t\t<span class=\"elementor-button-text\">\u00c9rdekel az okosparkol\u00e1s<\/span>\n\t\t\t\t\t<\/span>\n\t\t\t\t\t<\/a>\n\t\t\t\t<\/div>\n\t\t\t\t\t\t\t\t<\/div>\n\t\t\t\t<\/div>\n\t\t\t\t\t<\/div>\n\t\t\t\t<\/div>\n\t\t\t\t<\/div>","protected":false},"excerpt":{"rendered":"<p>A II. ker\u00fcleti v\u00e1rosvezet\u00e9s jelent\u0151s l\u00e9p\u00e9sre sz\u00e1nta el mag\u00e1t &#8211; \u00e9ves BKK-b\u00e9rletet ad azoknak a helyi lakosoknak, akik nem hosszabb\u00edtj\u00e1k meg a 2024-ben bizony\u00edthat\u00f3an megl\u00e9v\u0151 lakoss\u00e1gi parkol\u00e1si enged\u00e9ly\u00fcket 2025-re. Ez a l\u00e9p\u00e9s els\u0151sorban azoknak sz\u00f3l, akik szeretn\u00e9k cs\u00f6kkenteni saj\u00e1t aut\u00f3s jelenl\u00e9t\u00fcket a ker\u00fcletben, \u00e9s ink\u00e1bb a k\u00f6z\u00f6ss\u00e9gi k\u00f6zleked\u00e9st v\u00e1lasztan\u00e1k. Akik viszont tov\u00e1bbra is ragaszkodnak a [&hellip;]<\/p>","protected":false},"author":7,"featured_media":6762,"comment_status":"closed","ping_status":"closed","sticky":false,"template":"","format":"standard","meta":{"_acf_changed":false,"footnotes":""},"categories":[136],"tags":[134,135],"class_list":["post-6761","post","type-post","status-publish","format-standard","has-post-thumbnail","hentry","category-lakossagi-parkolasi-engedely","tag-bkv-berlet","tag-lakossagi-engedely"],"acf":[],"_links":{"self":[{"href":"https:\/\/yourparking.hu\/en\/wp-json\/wp\/v2\/posts\/6761","targetHints":{"allow":["GET"]}}],"collection":[{"href":"https:\/\/yourparking.hu\/en\/wp-json\/wp\/v2\/posts"}],"about":[{"href":"https:\/\/yourparking.hu\/en\/wp-json\/wp\/v2\/types\/post"}],"author":[{"embeddable":true,"href":"https:\/\/yourparking.hu\/en\/wp-json\/wp\/v2\/users\/7"}],"replies":[{"embeddable":true,"href":"https:\/\/yourparking.hu\/en\/wp-json\/wp\/v2\/comments?post=6761"}],"version-history":[{"count":0,"href":"https:\/\/yourparking.hu\/en\/wp-json\/wp\/v2\/posts\/6761\/revisions"}],"wp:featuredmedia":[{"embeddable":true,"href":"https:\/\/yourparking.hu\/en\/wp-json\/wp\/v2\/media\/6762"}],"wp:attachment":[{"href":"https:\/\/yourparking.hu\/en\/wp-json\/wp\/v2\/media?parent=6761"}],"wp:term":[{"taxonomy":"category","embeddable":true,"href":"https:\/\/yourparking.hu\/en\/wp-json\/wp\/v2\/categories?post=6761"},{"taxonomy":"post_tag","embeddable":true,"href":"https:\/\/yourparking.hu\/en\/wp-json\/wp\/v2\/tags?post=6761"}],"curies":[{"name":"wp","href":"https:\/\/api.w.org\/{rel}","templated":true}]}}