{"id":6300,"date":"2024-08-19T15:38:00","date_gmt":"2024-08-19T13:38:00","guid":{"rendered":"https:\/\/yourparking.hu\/?p=6300"},"modified":"2025-08-03T13:45:23","modified_gmt":"2025-08-03T11:45:23","slug":"figyeljunk-egymasra-egyszer-az-autos-is-lesz-gyalogos","status":"publish","type":"post","link":"https:\/\/yourparking.hu\/en\/figyeljunk-egymasra-egyszer-az-autos-is-lesz-gyalogos\/","title":{"rendered":"Figyelj\u00fcnk egym\u00e1sra! Egyszer az aut\u00f3s is lesz gyalogos"},"content":{"rendered":"<div data-elementor-type=\"wp-post\" data-elementor-id=\"6300\" class=\"elementor elementor-6300\" data-elementor-post-type=\"post\">\n\t\t\t\t<div class=\"elementor-element elementor-element-8b8cb1b e-flex e-con-boxed e-con e-parent\" data-id=\"8b8cb1b\" data-element_type=\"container\">\n\t\t\t\t\t<div class=\"e-con-inner\">\n\t\t\t\t<div class=\"elementor-element elementor-element-08bf67e elementor-widget elementor-widget-text-editor\" data-id=\"08bf67e\" data-element_type=\"widget\" data-widget_type=\"text-editor.default\">\n\t\t\t\t<div class=\"elementor-widget-container\">\n\t\t\t\t\t\t\t\t\t<p>A v\u00e1rosi k\u00f6zleked\u00e9s sor\u00e1n mindannyiunknak k\u00f6z\u00f6s sz\u00e1nd\u00e9ka, hogy biztons\u00e1gosan \u00e9s hat\u00e9konyan eljussunk \u00fati c\u00e9lunkhoz. Az aut\u00f3sok, gyalogosok, ker\u00e9kp\u00e1rosok \u00e9s t\u00f6megk\u00f6zleked\u00e9si eszk\u00f6z\u00f6k utasai mindannyian egy nagy, \u00f6sszetett k\u00f6zleked\u00e9si rendszer r\u00e9szesei. Fontos, hogy mindannyian tiszt\u00e1ban legy\u00fcnk azzal, hogy a k\u00f6zleked\u00e9si m\u00f3dok kombin\u00e1l\u00e1sa, a k\u00fcl\u00f6nb\u00f6z\u0151 k\u00f6zleked\u00e9si lehet\u0151s\u00e9gek el\u0151nyeinek \u00e9s korl\u00e1tainak meg\u00e9rt\u00e9se seg\u00edthet a k\u00f6zleked\u00e9si rendszerek hat\u00e9konyabb \u00e9s biztons\u00e1gosabb m\u0171k\u00f6d\u00e9s\u00e9ben. De mik\u00e9nt kombin\u00e1lhat\u00f3k a k\u00fcl\u00f6nb\u00f6z\u0151 k\u00f6zleked\u00e9si m\u00f3dok, mikor elengedhetetlen az aut\u00f3haszn\u00e1lat, \u00e9s hogyan teremthet\u00fcnk egyens\u00falyt a k\u00fcl\u00f6nb\u00f6z\u0151 k\u00f6zleked\u00e9si form\u00e1k k\u00f6z\u00f6tt?<\/p><h2><strong>Hogyan kombin\u00e1lhat\u00f3k a k\u00f6zleked\u00e9si m\u00f3dok?<\/strong><\/h2><p>A modern v\u00e1rosi \u00e9letben egyre gyakrabban mer\u00fcl fel az ig\u00e9ny a k\u00f6zleked\u00e9si m\u00f3dok kombin\u00e1l\u00e1s\u00e1ra, hogy az egyes szakaszokhoz legink\u00e1bb megfelel\u0151 k\u00f6zleked\u00e9si eszk\u00f6zt v\u00e1laszthassuk. A k\u00f6zleked\u00e9si m\u00f3dok kombin\u00e1l\u00e1sa nemcsak rugalmasabb\u00e1, hanem hat\u00e9konyabb\u00e1 \u00e9s k\u00f6rnyezetbar\u00e1tabb\u00e1 is teheti az utaz\u00e1st.<\/p><h2><strong>Intermod\u00e1lis k\u00f6zleked\u00e9s<\/strong><\/h2><p>Az intermod\u00e1lis k\u00f6zleked\u00e9s azt jelenti, hogy az utaz\u00e1s sor\u00e1n t\u00f6bbf\u00e9le k\u00f6zleked\u00e9si m\u00f3dot kombin\u00e1lunk. P\u00e9ld\u00e1ul az aut\u00f3val val\u00f3 utaz\u00e1st kombin\u00e1lhatjuk a t\u00f6megk\u00f6zleked\u00e9ssel, ha az aut\u00f3t egy <a href=\"https:\/\/yourparking.hu\/en\/pr-multimodalis-parkolohelyek-es-az-okosparkolas\/\">P+R parkol\u00f3ban<\/a> hagyjuk, \u00e9s vonattal vagy busszal folytatjuk az utat a belv\u00e1ros fel\u00e9. Ez cs\u00f6kkentheti a v\u00e1rosi forgalmat \u00e9s a belv\u00e1rosi parkol\u00e1si neh\u00e9zs\u00e9geket, mik\u00f6zben k\u00e9nyelmesebb \u00e9s gyorsabb lehet a belv\u00e1rosi k\u00f6zleked\u00e9s.<\/p><h3><strong>Ker\u00e9kp\u00e1r \u00e9s t\u00f6megk\u00f6zleked\u00e9s kombin\u00e1l\u00e1sa<\/strong><\/h3><p>Sok v\u00e1rosban el\u00e9rhet\u0151v\u00e9 v\u00e1ltak a bicikli\u00e1llom\u00e1sok a t\u00f6megk\u00f6zleked\u00e9si csom\u00f3pontok k\u00f6zel\u00e9ben. Ez lehet\u0151v\u00e9 teszi, hogy a v\u00e1rosi ker\u00e9kp\u00e1roz\u00e1st k\u00f6nnyed\u00e9n \u00f6sszekapcsoljuk a busz- vagy villamosutaz\u00e1ssal, \u00edgy a ker\u00e9kp\u00e1rt haszn\u00e1lhatjuk a r\u00f6videbb, helyi utakhoz, m\u00edg a hosszabb t\u00e1vokat t\u00f6megk\u00f6zleked\u00e9ssel tessz\u00fck meg. Budapesten imm\u00e1ron 10 \u00e9ve m\u0171k\u00f6dik a k\u00f6z\u00f6ss\u00e9gi bring\u00e1z\u00e1s majdnem 2500 ker\u00e9kp\u00e1rral \u00e9s 211 gy\u0171jt\u0151\u00e1llom\u00e1ssal.<\/p><h3><strong>Carsharing<\/strong><\/h3><p>The <a href=\"https:\/\/yourparking.hu\/en\/carsharing-biztosan-szukseged-van-sajat-autora\/\">aut\u00f3megoszt\u00f3 szolg\u00e1ltat\u00e1sok<\/a> \u00e9rdemben cs\u00f6kkentheti az aut\u00f3k sz\u00e1m\u00e1t, ez\u00e1ltal a zs\u00fafolts\u00e1got \u00e9s a forgalmi dug\u00f3k m\u00e9ret\u00e9t a belv\u00e1rosban. Okosparkol\u00e1si megold\u00e1sokkal kombin\u00e1lva, p\u00e9ld\u00e1ul az aut\u00f3megoszt\u00f3k sz\u00e1m\u00e1ra t\u00f6rt\u00e9n\u0151 dedik\u00e1lt parkol\u00f3helyek fenntart\u00e1s\u00e1val, carsharing bar\u00e1t szab\u00e1lyoz\u00e1si k\u00f6rnyezettel \u00e9rdemi forgalomcs\u00f6kken\u00e9s \u00e9rhet\u0151 el.<\/p><h3><strong>Mikromobilit\u00e1s<\/strong><\/h3><p>A mikromobilit\u00e1si eszk\u00f6z\u00f6k, mint a robog\u00f3k, biciklik, g\u00f6rkorcsoly\u00e1k \u00e9s elektromos rollerek, szint\u00e9n kiv\u00e1l\u00f3an kombin\u00e1lhat\u00f3k m\u00e1s k\u00f6zleked\u00e9si m\u00f3dokkal, gyors \u00e9s rugalmas k\u00f6zleked\u00e9si lehet\u0151s\u00e9get biztos\u00edtanak a v\u00e1rosban. Budapesten a BKK kijel\u00f6lt j\u00e1ratain sz\u00e1ll\u00edthat\u00f3 ker\u00e9kp\u00e1r. Legfeljebb 41 centim\u00e9ter k\u00fcls\u0151 ker\u00e9k\u00e1tm\u00e9r\u0151j\u0171 ker\u00e9kp\u00e1rt, valamint a rollert k\u00e9zipoggy\u00e1szk\u00e9nt d\u00edjtalanul sz\u00e1ll\u00edthatunk Budapesten. A nagyobb mikromobilit\u00e1si j\u00e1rm\u0171vek sz\u00e1ll\u00edt\u00e1sa eset\u00e9n pedig a k\u00f6zleked\u00e9si v\u00e1llalat szab\u00e1lyozza, hogy milyen jegyt\u00edpusokat fogad el j\u00e1ratain.<\/p><h2><strong>T\u00f6megk\u00f6zleked\u00e9s, mikromobilit\u00e1s, aut\u00f3z\u00e1s? <\/strong><strong>Mikor elengedhetetlen az aut\u00f3?<\/strong><\/h2><p>B\u00e1r a t\u00f6megk\u00f6zleked\u00e9s \u00e9s a mikromobilit\u00e1s sz\u00e1mos el\u0151nnyel j\u00e1r, bizonyos esetekben az aut\u00f3haszn\u00e1lat elengedhetetlen lehet. Akadnak helyzetek, amikor az aut\u00f3 a legjobb v\u00e1laszt\u00e1s.<\/p><h3><strong>T\u00e1voli \u00e9s kev\u00e9sb\u00e9 el\u00e9rhet\u0151 helyek<\/strong><\/h3><p>Ha olyan v\u00e1rosi desztin\u00e1ci\u00f3t kell el\u00e9rn\u00fcnk, amely t\u00e1vol esik a t\u00f6megk\u00f6zleked\u00e9si \u00fatvonalakt\u00f3l, vagy ahol a t\u00f6megk\u00f6zleked\u00e9s ritka, az aut\u00f3haszn\u00e1lat elengedhetetlen lehet. Ez k\u00fcl\u00f6n\u00f6sen igaz k\u00fclv\u00e1rosi r\u00e9szekre, ahol az infrastrukt\u00fara nem t\u00e1mogatja a gyakori t\u00f6megk\u00f6zleked\u00e9st.<\/p><h3><strong>Nagyobb csoportok \u00e9s csal\u00e1dok utaz\u00e1sa eset\u00e9n<\/strong><\/h3><p>Amikor egy nagyobb csoporttal vagy csal\u00e1ddal utazunk, az aut\u00f3haszn\u00e1lat gyakran k\u00e9nyelmesebb \u00e9s gazdas\u00e1gosabb. Az aut\u00f3 biztos\u00edtja a sz\u00fcks\u00e9ges helyet \u00e9s rugalmass\u00e1got, k\u00fcl\u00f6n\u00f6sen, ha gyerekekkel, megv\u00e1ltozott eg\u00e9szs\u00e9g\u00fcgyi \u00e1llapot\u00fa emberekkel vagy id\u0151sekkel utazunk, akiknek speci\u00e1lis utaz\u00e1si ig\u00e9nyeik lehetnek.<\/p><h3><strong>Neh\u00e9z vagy nagym\u00e9ret\u0171 csomagok sz\u00e1ll\u00edt\u00e1sa<\/strong><\/h3><p>Ha nagyobb csomagokat, sportfelszerel\u00e9st, bev\u00e1s\u00e1rl\u00e1st vagy b\u00e1rmilyen m\u00e1s neh\u00e9z t\u00e1rgyat kell sz\u00e1ll\u00edtanunk, az aut\u00f3 haszn\u00e1lata szinte elengedhetetlen. A t\u00f6megk\u00f6zleked\u00e9s vagy a mikromobilit\u00e1si eszk\u00f6z\u00f6k nem alkalmasak nagyobb terhek sz\u00e1ll\u00edt\u00e1s\u00e1ra. A csomagm\u00e9retet saj\u00e1t fizikai kapacit\u00e1sunk mellett sokszor adott k\u00f6zleked\u00e9si v\u00e1llalat is korl\u00e1tozza.<\/p><h3><strong>Id\u0151\u00e9rz\u00e9keny utaz\u00e1sok<\/strong><\/h3><p>Bizonyos esetekben, p\u00e9ld\u00e1ul s\u00fcrg\u0151s tal\u00e1lkoz\u00f3k vagy orvosi vizsg\u00e1latok eset\u00e9n, az aut\u00f3haszn\u00e1lat biztos\u00edtja a leggyorsabb \u00e9s legpontosabb megold\u00e1st, k\u00fcl\u00f6n\u00f6sen, ha a t\u00f6megk\u00f6zleked\u00e9s nem el\u00e9g gyors vagy megb\u00edzhat\u00f3.<\/p><h2><strong>Mik\u00e9nt tudnak seg\u00edteni a k\u00f6zleked\u00e9s optimaliz\u00e1l\u00e1s\u00e1ban az okosparkol\u00e1si megold\u00e1sok?<\/strong><\/h2><p>Az okosparkol\u00e1si megold\u00e1sok, mint p\u00e9ld\u00e1ul a YourParking parkol\u00e1sg\u00e1tl\u00f3i seg\u00edthetnek a v\u00e1rosi aut\u00f3s k\u00f6zleked\u00e9s egyszer\u0171bb\u00e9 t\u00e9tel\u00e9ben. Seg\u00edts\u00e9g\u00fckkel dedik\u00e1lt parkol\u00f3helyeket tarthatunk fenn \u00e9s \u0151rizhet\u00fcnk meg fizikailag kiemelt csoportok sz\u00e1m\u00e1ra. Lehetnek \u0151k helyi lakosok, helyben munk\u00e1t v\u00e1llal\u00f3k, elektromos aut\u00f3t vezet\u0151k, carsheringet ig\u00e9nybe vev\u0151k, rokkantak vagy b\u00e1rmilyen, adott parkol\u00e1sg\u00e1tl\u00f3hoz jogosults\u00e1got kap\u00f3 csoportok.<\/p><p>Tervezhet\u0151v\u00e9 v\u00e1lik a parkol\u00e1s, amely lecs\u00f6kkenti a <a href=\"https:\/\/yourparking.hu\/en\/mennyi-idot-es-energiat-forditunk-parkolasra-atlagosan-hogyan-csokkenthetjuk-ezt\/\">parkol\u00f3hely keres\u00e9s\u00e9re ford\u00edtott id\u0151t<\/a>, a fogyaszt\u00e1s, az ehhez kapcsol\u00f3d\u00f3 zaj- \u00e9s k\u00f6rnyezetszennyez\u00e9st.<\/p><p>\u00d6sszess\u00e9g\u00e9ben \u00e9rdemes egym\u00e1sra figyelemmel k\u00f6zlekedni. Utaz\u00e1saink sor\u00e1n sokszor egy utaz\u00e1s alkalm\u00e1val mi magunk is v\u00e1lhatunk aut\u00f3sb\u00f3l ker\u00e9kp\u00e1ross\u00e1, rolleress\u00e9, t\u00f6megk\u00f6zleked\u0151v\u00e9 vagy \u00e9pp gyalogoss\u00e1 annak tekintet\u00e9ben, hogy \u00e9ppen mit dikt\u00e1lnak k\u00f6zleked\u00e9si sz\u00fcks\u00e9gleteink.<\/p>\t\t\t\t\t\t\t\t<\/div>\n\t\t\t\t<\/div>\n\t\t\t\t\t<\/div>\n\t\t\t\t<\/div>\n\t\t<div class=\"elementor-element elementor-element-264cc3b e-flex e-con-boxed e-con e-parent\" data-id=\"264cc3b\" data-element_type=\"container\">\n\t\t\t\t\t<div class=\"e-con-inner\">\n\t\t\t\t<div class=\"elementor-element elementor-element-c397fcb elementor-widget elementor-widget-text-editor\" data-id=\"c397fcb\" data-element_type=\"widget\" data-widget_type=\"text-editor.default\">\n\t\t\t\t<div class=\"elementor-widget-container\">\n\t\t\t\t\t\t\t\t\t<h3>Sources<\/h3><p><a href=\"https:\/\/enbudapestem.hu\/2024\/09\/08\/tizeves-evfordulo-a-mol-bubi\" target=\"_blank\" rel=\"noopener\">enbudapestem.hu<\/a><br \/><a href=\"https:\/\/mabisz.hu\/wp-content\/uploads\/2020\/11\/Mabisz_mikromobilitas_07_29_.pdf\" target=\"_blank\" rel=\"noopener\">mabisz.hu<\/a><br \/><a href=\"https:\/\/bkk.hu\/utazasi-informaciok\/aktiv-kozlekedes\/kerekparozas\/kerekparszallitas\/kerekpar-szallitasa-felszini-jaratokon.5746\/\" target=\"_blank\" rel=\"noopener\">bkk.hu<\/a><br \/><a href=\"https:\/\/bkk.hu\/downloads\/2177\/\" target=\"_blank\" rel=\"noopener\">bkk.hu let\u00f6lt\u00e9sek<\/a><\/p>\t\t\t\t\t\t\t\t<\/div>\n\t\t\t\t<\/div>\n\t\t\t\t<div class=\"elementor-element elementor-element-3bd1f3f elementor-widget elementor-widget-button\" data-id=\"3bd1f3f\" data-element_type=\"widget\" data-widget_type=\"button.default\">\n\t\t\t\t<div class=\"elementor-widget-container\">\n\t\t\t\t\t\t\t\t\t<div class=\"elementor-button-wrapper\">\n\t\t\t\t\t<a class=\"elementor-button elementor-button-link elementor-size-sm\" href=\"https:\/\/yourparking.hu\/en\/uzlet\/yourparking-smart-parkolasgatlo\/\" target=\"_blank\">\n\t\t\t\t\t\t<span class=\"elementor-button-content-wrapper\">\n\t\t\t\t\t\t\t\t\t<span class=\"elementor-button-text\">\u00c9rdekel az okosparkol\u00e1s<\/span>\n\t\t\t\t\t<\/span>\n\t\t\t\t\t<\/a>\n\t\t\t\t<\/div>\n\t\t\t\t\t\t\t\t<\/div>\n\t\t\t\t<\/div>\n\t\t\t\t\t<\/div>\n\t\t\t\t<\/div>\n\t\t\t\t<\/div>","protected":false},"excerpt":{"rendered":"<p>A v\u00e1rosi k\u00f6zleked\u00e9s sor\u00e1n mindannyiunknak k\u00f6z\u00f6s sz\u00e1nd\u00e9ka, hogy biztons\u00e1gosan \u00e9s hat\u00e9konyan eljussunk \u00fati c\u00e9lunkhoz. Az aut\u00f3sok, gyalogosok, ker\u00e9kp\u00e1rosok \u00e9s t\u00f6megk\u00f6zleked\u00e9si eszk\u00f6z\u00f6k utasai mindannyian egy nagy, \u00f6sszetett k\u00f6zleked\u00e9si rendszer r\u00e9szesei. Fontos, hogy mindannyian tiszt\u00e1ban legy\u00fcnk azzal, hogy a k\u00f6zleked\u00e9si m\u00f3dok kombin\u00e1l\u00e1sa, a k\u00fcl\u00f6nb\u00f6z\u0151 k\u00f6zleked\u00e9si lehet\u0151s\u00e9gek el\u0151nyeinek \u00e9s korl\u00e1tainak meg\u00e9rt\u00e9se seg\u00edthet a k\u00f6zleked\u00e9si rendszerek hat\u00e9konyabb \u00e9s biztons\u00e1gosabb [&hellip;]<\/p>","protected":false},"author":7,"featured_media":6302,"comment_status":"closed","ping_status":"closed","sticky":false,"template":"","format":"standard","meta":{"_acf_changed":false,"footnotes":""},"categories":[118,119],"tags":[120],"class_list":["post-6300","post","type-post","status-publish","format-standard","has-post-thumbnail","hentry","category-intermodalis-kozlekedes","category-mikromobilitas","tag-mikromobilitas"],"acf":[],"_links":{"self":[{"href":"https:\/\/yourparking.hu\/en\/wp-json\/wp\/v2\/posts\/6300","targetHints":{"allow":["GET"]}}],"collection":[{"href":"https:\/\/yourparking.hu\/en\/wp-json\/wp\/v2\/posts"}],"about":[{"href":"https:\/\/yourparking.hu\/en\/wp-json\/wp\/v2\/types\/post"}],"author":[{"embeddable":true,"href":"https:\/\/yourparking.hu\/en\/wp-json\/wp\/v2\/users\/7"}],"replies":[{"embeddable":true,"href":"https:\/\/yourparking.hu\/en\/wp-json\/wp\/v2\/comments?post=6300"}],"version-history":[{"count":0,"href":"https:\/\/yourparking.hu\/en\/wp-json\/wp\/v2\/posts\/6300\/revisions"}],"wp:featuredmedia":[{"embeddable":true,"href":"https:\/\/yourparking.hu\/en\/wp-json\/wp\/v2\/media\/6302"}],"wp:attachment":[{"href":"https:\/\/yourparking.hu\/en\/wp-json\/wp\/v2\/media?parent=6300"}],"wp:term":[{"taxonomy":"category","embeddable":true,"href":"https:\/\/yourparking.hu\/en\/wp-json\/wp\/v2\/categories?post=6300"},{"taxonomy":"post_tag","embeddable":true,"href":"https:\/\/yourparking.hu\/en\/wp-json\/wp\/v2\/tags?post=6300"}],"curies":[{"name":"wp","href":"https:\/\/api.w.org\/{rel}","templated":true}]}}