{"id":1180,"date":"2024-04-27T14:04:57","date_gmt":"2024-04-27T14:04:57","guid":{"rendered":"https:\/\/yourparking.hu\/?p=1180"},"modified":"2024-09-04T17:17:49","modified_gmt":"2024-09-04T17:17:49","slug":"fizetos-parkolas-jozsefvarosban-meg-a-helyieknek-is","status":"publish","type":"post","link":"https:\/\/yourparking.hu\/en\/fizetos-parkolas-jozsefvarosban-meg-a-helyieknek-is\/","title":{"rendered":"Paid parking in J\u00f3zsefv\u00e1ros: even for locals"},"content":{"rendered":"<div data-elementor-type=\"wp-post\" data-elementor-id=\"1180\" class=\"elementor elementor-1180\" data-elementor-post-type=\"post\">\n\t\t\t\t<div class=\"elementor-element elementor-element-14424a93 e-flex e-con-boxed e-con e-parent\" data-id=\"14424a93\" data-element_type=\"container\">\n\t\t\t\t\t<div class=\"e-con-inner\">\n\t\t<div class=\"elementor-element elementor-element-480fcda6 e-con-full e-flex e-con e-child\" data-id=\"480fcda6\" data-element_type=\"container\">\n\t\t\t\t<div class=\"elementor-element elementor-element-644c16d1 elementor-widget elementor-widget-text-editor\" data-id=\"644c16d1\" data-element_type=\"widget\" data-widget_type=\"text-editor.default\">\n\t\t\t\t<div class=\"elementor-widget-container\">\n\t\t\t\t\t\t\t\t\t<p>In our previous blog, we wrote about how they are changing the <a title=\"Parking in Budapest changes from September\" href=\"https:\/\/yourparking.hu\/en\/szeptembertol-megvaltozik-a-budapesti-parkolas\/\"><strong><em>Parking conditions in Budapest<\/em><\/strong><\/a> the new zoning systems. Since then, the <em><strong>representative body of j\u00f3zsefv\u00e1ros<\/strong><\/em> decided to amend the rules on free public parking. Under the previous rules, each resident of Y\u00f3zsefv\u00e1ros was allowed to park two cars <em>on the street, but that is about to change.<\/em> az utc\u00e1n, azonban ez mostant\u00f3l megv\u00e1ltozik.<\/p><p>A 100 sz\u00e1zal\u00e9kos t\u00e1mogat\u00e1st 80 sz\u00e1zal\u00e9kra cs\u00f6kkentik az els\u0151 aut\u00f3 eset\u00e9n, a m\u00e1sodik aut\u00f3n\u00e1l pedig ez 50 sz\u00e1zal\u00e9kos cs\u00f6kkent\u00e9st is jelenthet, a d\u00edjak m\u00e9rt\u00e9k\u00e9t az \u00faj z\u00f3narendszerekkel egys\u00e9ges szerkezetben hat\u00e1rozz\u00e1k meg. Tov\u00e1bbi v\u00e1ltoz\u00e1st jelent majd az is, hogy nem lakosonk\u00e9nt, hanem lak\u00e1sonk\u00e9nt lehet majd a parkol\u00e1si enged\u00e9lyeket ig\u00e9nyelni.<\/p>\t\t\t\t\t\t\t\t<\/div>\n\t\t\t\t<\/div>\n\t\t\t\t<\/div>\n\t\t<div class=\"elementor-element elementor-element-6ee7202a e-con-full e-flex e-con e-child\" data-id=\"6ee7202a\" data-element_type=\"container\">\n\t\t\t\t<div class=\"elementor-element elementor-element-103ec970 elementor-widget elementor-widget-image\" data-id=\"103ec970\" data-element_type=\"widget\" data-widget_type=\"image.default\">\n\t\t\t\t<div class=\"elementor-widget-container\">\n\t\t\t\t\t\t\t\t\t\t\t\t\t\t\t<img fetchpriority=\"high\" decoding=\"async\" width=\"1280\" height=\"788\" src=\"https:\/\/yourparking.hu\/wp-content\/uploads\/2022\/09\/fizetos-parkolas-jozsefvarosban-meg-a-helyieknek-is.jpg\" class=\"attachment-full size-full wp-image-1486\" alt=\"Fizet\u0151s parkol\u00e1s J\u00f3zsefv\u00e1rosban: m\u00e9g a helyieknek is yourparking.hu\" srcset=\"https:\/\/yourparking.hu\/wp-content\/uploads\/2022\/09\/fizetos-parkolas-jozsefvarosban-meg-a-helyieknek-is.jpg 1280w, https:\/\/yourparking.hu\/wp-content\/uploads\/2022\/09\/fizetos-parkolas-jozsefvarosban-meg-a-helyieknek-is-300x185.jpg 300w, https:\/\/yourparking.hu\/wp-content\/uploads\/2022\/09\/fizetos-parkolas-jozsefvarosban-meg-a-helyieknek-is-1024x630.jpg 1024w, https:\/\/yourparking.hu\/wp-content\/uploads\/2022\/09\/fizetos-parkolas-jozsefvarosban-meg-a-helyieknek-is-768x473.jpg 768w, https:\/\/yourparking.hu\/wp-content\/uploads\/2022\/09\/fizetos-parkolas-jozsefvarosban-meg-a-helyieknek-is-600x369.jpg 600w\" sizes=\"(max-width: 1280px) 100vw, 1280px\" \/>\t\t\t\t\t\t\t\t\t\t\t\t\t\t\t<\/div>\n\t\t\t\t<\/div>\n\t\t\t\t<div class=\"elementor-element elementor-element-2ebb65ce elementor-widget elementor-widget-text-editor\" data-id=\"2ebb65ce\" data-element_type=\"widget\" data-widget_type=\"text-editor.default\">\n\t\t\t\t<div class=\"elementor-widget-container\">\n\t\t\t\t\t\t\t\t\t<p>Paid parking in J\u00f3zsefv\u00e1ros: even for locals<\/p>\t\t\t\t\t\t\t\t<\/div>\n\t\t\t\t<\/div>\n\t\t\t\t<\/div>\n\t\t<div class=\"elementor-element elementor-element-6cb1d994 e-con-full e-flex e-con e-child\" data-id=\"6cb1d994\" data-element_type=\"container\">\n\t\t\t\t<div class=\"elementor-element elementor-element-364f54d0 elementor-widget elementor-widget-text-editor\" data-id=\"364f54d0\" data-element_type=\"widget\" data-widget_type=\"text-editor.default\">\n\t\t\t\t<div class=\"elementor-widget-container\">\n\t\t\t\t\t\t\t\t\t<p>The municipality expects that making parking in the district free for all will reduce the use of parking spaces, making more free spaces available for residents and workers, reducing air pollution and improving quality of life. In addition, an extra 300 million forints in revenue is expected as a result of the new regulation.\u00a0 \u00a0<\/p>\t\t\t\t\t\t\t\t<\/div>\n\t\t\t\t<\/div>\n\t\t\t\t<\/div>\n\t\t<div class=\"elementor-element elementor-element-4e6241e7 e-flex e-con-boxed e-con e-child\" data-id=\"4e6241e7\" data-element_type=\"container\">\n\t\t\t\t\t<div class=\"e-con-inner\">\n\t\t\t\t<div class=\"elementor-element elementor-element-6901f833 elementor-widget elementor-widget-text-editor\" data-id=\"6901f833\" data-element_type=\"widget\" data-widget_type=\"text-editor.default\">\n\t\t\t\t<div class=\"elementor-widget-container\">\n\t\t\t\t\t\t\t\t\t<p>Optimal use of parking spaces is indeed a major problem in modern cities, but these types of measures do not necessarily target the source of the problem. As a local resident, it is necessary to find new, alternative solutions for car parking, but this does not necessarily affect daytime traffic.<\/p><p>A <em><strong>Yourparking smart parking blockers<\/strong><\/em> allows for a more optimal use of existing parking spaces, thanks to the possibility of sharing a parking space between several users per day. Rent or share your private parking space while you are away from home, not only to make the best use of your parking space, but also to ensure that no one is standing in your space when you get home!<\/p><p>Sources<\/p><p><a title=\"\" href=\"https:\/\/index.hu\/belfold\/2022\/09\/17\/jozsefvaros-parkolas-fizetos-auto-belvaros-8-kerulet\/?token=32656f721be958e9888123d61aec1e3e\" target=\"_blank\" rel=\"noopener\"><em>Index.hu<\/em><\/a><br \/><a title=\"\" href=\"https:\/\/telex.hu\/belfold\/2022\/09\/23\/jozsefvaros-meglepte-amit-mas-nem-mert-januartol-a-helyieknek-is-jon-a-fizetos-parkolas\" target=\"_blank\" rel=\"noopener\"><em>Telex.hu<\/em><\/a><\/p>\t\t\t\t\t\t\t\t<\/div>\n\t\t\t\t<\/div>\n\t\t\t\t<div class=\"elementor-element elementor-element-6f423b6 elementor-align-center elementor-widget elementor-widget-button\" data-id=\"6f423b6\" data-element_type=\"widget\" data-widget_type=\"button.default\">\n\t\t\t\t<div class=\"elementor-widget-container\">\n\t\t\t\t\t\t\t\t\t<div class=\"elementor-button-wrapper\">\n\t\t\t\t\t<a class=\"elementor-button elementor-button-link elementor-size-sm\" href=\"https:\/\/yourparking.hu\/en\/uzlet\/y-ourparking\/\">\n\t\t\t\t\t\t<span class=\"elementor-button-content-wrapper\">\n\t\t\t\t\t\t\t\t\t<span class=\"elementor-button-text\">I'm interested in smart parking<\/span>\n\t\t\t\t\t<\/span>\n\t\t\t\t\t<\/a>\n\t\t\t\t<\/div>\n\t\t\t\t\t\t\t\t<\/div>\n\t\t\t\t<\/div>\n\t\t\t\t\t<\/div>\n\t\t\t\t<\/div>\n\t\t\t\t\t<\/div>\n\t\t\t\t<\/div>\n\t\t\t\t<\/div>","protected":false},"excerpt":{"rendered":"<p>Kor\u00e1bbi blogunkban arr\u00f3l \u00edrtunk, hogyan v\u00e1ltoztatj\u00e1k meg a Budapesti parkol\u00e1si k\u00f6r\u00fclm\u00e9nyeket az \u00faj z\u00f3narendszerek. Az\u00f3ta a j\u00f3zsefv\u00e1rosi k\u00e9pvisel\u0151 test\u00fclet az ingyenes lakoss\u00e1gi parkol\u00e1sra vonatkoz\u00f3 szab\u00e1lyok m\u00f3dos\u00edt\u00e1s\u00e1r\u00f3l d\u00f6nt\u00f6tt. Az eddigi rendelkez\u00e9sek szerint minden j\u00f3zsefv\u00e1rosi lakos k\u00e9t aut\u00f3t parkolhatott d\u00edjmentesen az utc\u00e1n, azonban ez mostant\u00f3l megv\u00e1ltozik. A 100 sz\u00e1zal\u00e9kos t\u00e1mogat\u00e1st 80 sz\u00e1zal\u00e9kra cs\u00f6kkentik az els\u0151 aut\u00f3 eset\u00e9n, [&hellip;]<\/p>","protected":false},"author":1,"featured_media":3335,"comment_status":"open","ping_status":"open","sticky":false,"template":"","format":"standard","meta":{"_acf_changed":false,"footnotes":""},"categories":[35],"tags":[36,37],"class_list":["post-1180","post","type-post","status-publish","format-standard","has-post-thumbnail","hentry","category-parkolas","tag-parkolas","tag-varosi-parkolas"],"acf":[],"_links":{"self":[{"href":"https:\/\/yourparking.hu\/en\/wp-json\/wp\/v2\/posts\/1180","targetHints":{"allow":["GET"]}}],"collection":[{"href":"https:\/\/yourparking.hu\/en\/wp-json\/wp\/v2\/posts"}],"about":[{"href":"https:\/\/yourparking.hu\/en\/wp-json\/wp\/v2\/types\/post"}],"author":[{"embeddable":true,"href":"https:\/\/yourparking.hu\/en\/wp-json\/wp\/v2\/users\/1"}],"replies":[{"embeddable":true,"href":"https:\/\/yourparking.hu\/en\/wp-json\/wp\/v2\/comments?post=1180"}],"version-history":[{"count":0,"href":"https:\/\/yourparking.hu\/en\/wp-json\/wp\/v2\/posts\/1180\/revisions"}],"wp:featuredmedia":[{"embeddable":true,"href":"https:\/\/yourparking.hu\/en\/wp-json\/wp\/v2\/media\/3335"}],"wp:attachment":[{"href":"https:\/\/yourparking.hu\/en\/wp-json\/wp\/v2\/media?parent=1180"}],"wp:term":[{"taxonomy":"category","embeddable":true,"href":"https:\/\/yourparking.hu\/en\/wp-json\/wp\/v2\/categories?post=1180"},{"taxonomy":"post_tag","embeddable":true,"href":"https:\/\/yourparking.hu\/en\/wp-json\/wp\/v2\/tags?post=1180"}],"curies":[{"name":"wp","href":"https:\/\/api.w.org\/{rel}","templated":true}]}}